{"id":19893,"date":"2022-01-14T12:29:13","date_gmt":"2022-01-14T12:29:13","guid":{"rendered":"https:\/\/uip.pt\/?p=19893"},"modified":"2022-01-14T15:07:15","modified_gmt":"2022-01-14T15:07:15","slug":"hyatt-regency-lisboa-ja-tem-diretor-geral","status":"publish","type":"post","link":"https:\/\/uip.pt\/pt-pt\/hyatt-regency-lisboa-ja-tem-diretor-geral\/","title":{"rendered":"Hyatt Regency Lisboa j\u00e1 tem diretor geral"},"content":{"rendered":"<p>H\u00e9lder Martins foi nomeado Diretor Geral do <span style=\"color: #d2ab67;\"><a style=\"color: #d2ab67;\" href=\"https:\/\/www.hyatt.com\/en-US\/hotel\/portugal\/hyatt-regency-lisbon\/lishr\" target=\"_blank\" rel=\"noopener\">Hyatt Regency Lisboa<\/a><\/span>, projeto detido pela United Investments Portugal (UIP), com abertura prevista para abril de 2022.<\/p>\n<p>O profissional junta-se agora ao Grupo UIP para conduzir a abertura do Hyatt Regency Lisboa e liderar de ra\u00edz uma nova equipa multidisciplinar num projeto que pretende ser uma refer\u00eancia para a hotelaria da capital portuguesa.<\/p>\n<p>H\u00e9lder Martins conta com mais de 20 anos de experi\u00eancia internacional na \u00e1rea da gest\u00e3o hoteleira de marcas de luxo, tendo passado j\u00e1 por tr\u00eas continentes e seis pa\u00edses e colaborado com diferentes ins\u00edgnias, tais como a Sheraton, Westin, Marriott e W Hotels.<\/p>\n<p>Antes de integrar a equipa do Hyatt Regency Lisboa, H\u00e9lder Martins desempenhou a fun\u00e7\u00e3o de Diretor Geral do Hotel Cardoso, em Maputo (Mo\u00e7ambique), detido pela Westmont Hospitality Group. Nos anos anteriores, o H\u00e9lder passou por unidades hoteleiras de diferentes geografias: esteve em Londres, entre 2018 e 2021, como Diretor de Opera\u00e7\u00f5es do Sheraton Skyline, Marriott International; passou por Santiago do Chile, onde assumiu fun\u00e7\u00f5es de Diretor de F&amp;B no W Santiago &#8211; Marriott International, entre 2016 e 2018; e esteve ainda no Brasil, no Sheraton Barra Hotel &amp; Resort \u2013 Starwood Hotels &amp; Resorts do Rio de Janeiro, entre 2015 e 2016, tamb\u00e9m \u00e0 frente do departamento de F&amp;B, entre outros.<\/p>\n<p>H\u00e9lder Martins iniciou a sua carreira em 1999 em Portugal, no Porto Pal\u00e1cio Congress Hotel &amp; Spa &#8211; \u2018The Editory Collection Hotels\u2019, tendo ainda passado pelo departamento de F&amp;B do Sheraton Porto Hotel &amp; Spa &#8211; Starwood Hotels &amp; Resorts, entre 2004 e 2013, onde consolidou a sua especializa\u00e7\u00e3o. O profissional \u00e9 mestre em Hospitality Management and Tourism, com diploma atribu\u00eddo pela Escola de Neg\u00f3cios de Barcelona.<\/p>\n<p>Para <strong>H\u00e9lder Martins<\/strong>, <em>\u201cEste \u00e9 um momento muito importante na minha carreira e um grande desafio. Regressar a Portugal, passados tantos anos, para conduzir a abertura de um projeto que celebra a entrada em Portugal de uma das mais prestigiadas cadeias hoteleiras do mundo \u00e9 um grande orgulho. Irei, juntamente com a minha equipa, posicionar este empreendimento de cinco estrelas como uma das melhores ofertas hoteleiras de Lisboa, contribuindo para o seu sucesso, todos os dias.\u201d<\/em><\/p>\n<p>O Hyatt Regency Lisboa \u00e9 um empreendimento de superior com uma localiza\u00e7\u00e3o privilegiada \u00e0 beira-rio, em Bel\u00e9m, e representa um investimento de 70 milh\u00f5es de euros.<\/p>\n<p>Com abertura prevista para abril de 2022, o Hyatt Regency Lisboa engloba quartos e suites de topo, bar no terra\u00e7o com vista panor\u00e2mica para o rio, restaurante, \u00a0gin\u00e1sio, parque de estacionamento, salas de reuni\u00e3o e um spa de classe mundial, o <span style=\"color: #d2ab67;\"><a style=\"color: #d2ab67;\" href=\"https:\/\/www.serenity-spa.com\/pt\/\" target=\"_blank\" rel=\"noopener\">Serenity \u2013 The Art of Well Being<\/a><\/span>.<\/p>\n<p>H\u00e1 mais de 30 anos em Portugal, a UIP chega pela primeira vez \u00e0 capital. Este empreendimento espelha a aposta do grupo no mercado nacional, onde conta j\u00e1 com projetos no Algarve (<span style=\"color: #d2ab67;\"><a style=\"color: #d2ab67;\" href=\"https:\/\/www.pinecliffs.com\/pt\/\" target=\"_blank\" rel=\"noopener\">Pine Cliffs Resort<\/a><\/span>), em Cascais (<span style=\"color: #d2ab67;\"><a style=\"color: #d2ab67;\" href=\"https:\/\/www.sheratoncascaisresort.com\/pt\/\" target=\"_blank\" rel=\"noopener\">Sheraton Cascais Resort<\/a><\/span>) e no Porto (<span style=\"color: #d2ab67;\"><a style=\"color: #d2ab67;\" href=\"https:\/\/www.yotel.com\/pt-pt\/hotels\/yotel-porto\" target=\"_blank\" rel=\"noopener\">YOTEL Porto<\/a><\/span> e <span style=\"color: #d2ab67;\"><a style=\"color: #d2ab67;\" href=\"https:\/\/quintamarquesgomes.pt\/pt\/\" target=\"_blank\" rel=\"noopener\">Quinta Marques Gomes<\/a><\/span>).<\/p>\n<p>Acabado de chegar, H\u00e9lder Martins deu a primeira entrevista enquanto Diretor Geral do Hyatt Regency Lisboa, em exclusivo ao jornal Expresso, que pode ler <span style=\"color: #d2ab67;\"><a style=\"color: #d2ab67;\" href=\"https:\/\/uip.pt\/wp-content\/uploads\/2022\/01\/hyatt-regency-lisboa-helder-martins-expresso.pdf\" target=\"_blank\" rel=\"noopener\">aqui<\/a><\/span>.<\/p>\n","protected":false},"excerpt":{"rendered":"<p>H\u00e9lder Martins j\u00e1 deu a primeira entrevista, em exclusivo ao Expresso.<\/p>\n","protected":false},"author":13,"featured_media":19894,"comment_status":"closed","ping_status":"closed","sticky":false,"template":"","format":"standard","meta":[],"categories":[167,216,220],"tags":[],"acf":[],"yoast_head":"<!-- This site is optimized with the Yoast SEO plugin v17.8 - https:\/\/yoast.com\/wordpress\/plugins\/seo\/ -->\n<title>Hyatt Regency Lisboa j\u00e1 tem diretor geral - UIP<\/title>\n<meta name=\"robots\" content=\"index, follow, max-snippet:-1, max-image-preview:large, max-video-preview:-1\" \/>\n<link rel=\"canonical\" href=\"https:\/\/uip.pt\/pt-pt\/hyatt-regency-lisboa-ja-tem-diretor-geral\/\" \/>\n<meta property=\"og:locale\" content=\"pt_PT\" \/>\n<meta property=\"og:type\" content=\"article\" \/>\n<meta property=\"og:title\" content=\"Hyatt Regency Lisboa j\u00e1 tem diretor geral - UIP\" \/>\n<meta property=\"og:description\" content=\"H\u00e9lder Martins j\u00e1 deu a primeira entrevista, em exclusivo ao Expresso.\" \/>\n<meta property=\"og:url\" content=\"https:\/\/uip.pt\/pt-pt\/hyatt-regency-lisboa-ja-tem-diretor-geral\/\" \/>\n<meta property=\"og:site_name\" content=\"UIP\" \/>\n<meta property=\"article:published_time\" content=\"2022-01-14T12:29:13+00:00\" \/>\n<meta property=\"article:modified_time\" content=\"2022-01-14T15:07:15+00:00\" \/>\n<meta property=\"og:image\" content=\"https:\/\/uip.pt\/wp-content\/uploads\/2022\/01\/helder-martins.jpg\" \/>\n\t<meta property=\"og:image:width\" content=\"847\" \/>\n\t<meta property=\"og:image:height\" content=\"510\" \/>\n<meta name=\"twitter:card\" content=\"summary_large_image\" \/>\n<meta name=\"twitter:label1\" content=\"Escrito por\" \/>\n\t<meta name=\"twitter:data1\" content=\"\u00c2ngela Sarmento\" \/>\n\t<meta name=\"twitter:label2\" content=\"Tempo estimado de leitura\" \/>\n\t<meta name=\"twitter:data2\" content=\"3 minutos\" \/>\n<script type=\"application\/ld+json\" class=\"yoast-schema-graph\">{\"@context\":\"https:\/\/schema.org\",\"@graph\":[{\"@type\":\"WebSite\",\"@id\":\"https:\/\/uip.pt\/#website\",\"url\":\"https:\/\/uip.pt\/\",\"name\":\"UIP\",\"description\":\"\",\"potentialAction\":[{\"@type\":\"SearchAction\",\"target\":{\"@type\":\"EntryPoint\",\"urlTemplate\":\"https:\/\/uip.pt\/?s={search_term_string}\"},\"query-input\":\"required name=search_term_string\"}],\"inLanguage\":\"pt-PT\"},{\"@type\":\"ImageObject\",\"@id\":\"https:\/\/uip.pt\/pt-pt\/hyatt-regency-lisboa-ja-tem-diretor-geral\/#primaryimage\",\"inLanguage\":\"pt-PT\",\"url\":\"https:\/\/uip.pt\/wp-content\/uploads\/2022\/01\/helder-martins.jpg\",\"contentUrl\":\"https:\/\/uip.pt\/wp-content\/uploads\/2022\/01\/helder-martins.jpg\",\"width\":847,\"height\":510,\"caption\":\"H\\u00e9lder Martins, Diretor Geral Hyatt Regency Lisboa\"},{\"@type\":\"WebPage\",\"@id\":\"https:\/\/uip.pt\/pt-pt\/hyatt-regency-lisboa-ja-tem-diretor-geral\/#webpage\",\"url\":\"https:\/\/uip.pt\/pt-pt\/hyatt-regency-lisboa-ja-tem-diretor-geral\/\",\"name\":\"Hyatt Regency Lisboa j\\u00e1 tem diretor geral - UIP\",\"isPartOf\":{\"@id\":\"https:\/\/uip.pt\/#website\"},\"primaryImageOfPage\":{\"@id\":\"https:\/\/uip.pt\/pt-pt\/hyatt-regency-lisboa-ja-tem-diretor-geral\/#primaryimage\"},\"datePublished\":\"2022-01-14T12:29:13+00:00\",\"dateModified\":\"2022-01-14T15:07:15+00:00\",\"author\":{\"@id\":\"https:\/\/uip.pt\/#\/schema\/person\/9e1d6c2002444762eaa77c4380584476\"},\"breadcrumb\":{\"@id\":\"https:\/\/uip.pt\/pt-pt\/hyatt-regency-lisboa-ja-tem-diretor-geral\/#breadcrumb\"},\"inLanguage\":\"pt-PT\",\"potentialAction\":[{\"@type\":\"ReadAction\",\"target\":[\"https:\/\/uip.pt\/pt-pt\/hyatt-regency-lisboa-ja-tem-diretor-geral\/\"]}]},{\"@type\":\"BreadcrumbList\",\"@id\":\"https:\/\/uip.pt\/pt-pt\/hyatt-regency-lisboa-ja-tem-diretor-geral\/#breadcrumb\",\"itemListElement\":[{\"@type\":\"ListItem\",\"position\":1,\"name\":\"Home\",\"item\":\"https:\/\/uip.pt\/pt-pt\/\"},{\"@type\":\"ListItem\",\"position\":2,\"name\":\"Hyatt Regency Lisboa j\\u00e1 tem diretor geral\"}]},{\"@type\":\"Person\",\"@id\":\"https:\/\/uip.pt\/#\/schema\/person\/9e1d6c2002444762eaa77c4380584476\",\"name\":\"\\u00c2ngela Sarmento\",\"image\":{\"@type\":\"ImageObject\",\"@id\":\"https:\/\/uip.pt\/#personlogo\",\"inLanguage\":\"pt-PT\",\"url\":\"https:\/\/secure.gravatar.com\/avatar\/83ff31caac854fb0a7b7fb3d18a6fbf2?s=96&d=mm&r=g\",\"contentUrl\":\"https:\/\/secure.gravatar.com\/avatar\/83ff31caac854fb0a7b7fb3d18a6fbf2?s=96&d=mm&r=g\",\"caption\":\"\\u00c2ngela Sarmento\"}}]}<\/script>\n<!-- \/ Yoast SEO plugin. -->","yoast_head_json":{"title":"Hyatt Regency Lisboa j\u00e1 tem diretor geral - UIP","robots":{"index":"index","follow":"follow","max-snippet":"max-snippet:-1","max-image-preview":"max-image-preview:large","max-video-preview":"max-video-preview:-1"},"canonical":"https:\/\/uip.pt\/pt-pt\/hyatt-regency-lisboa-ja-tem-diretor-geral\/","og_locale":"pt_PT","og_type":"article","og_title":"Hyatt Regency Lisboa j\u00e1 tem diretor geral - UIP","og_description":"H\u00e9lder Martins j\u00e1 deu a primeira entrevista, em exclusivo ao Expresso.","og_url":"https:\/\/uip.pt\/pt-pt\/hyatt-regency-lisboa-ja-tem-diretor-geral\/","og_site_name":"UIP","article_published_time":"2022-01-14T12:29:13+00:00","article_modified_time":"2022-01-14T15:07:15+00:00","og_image":[{"width":847,"height":510,"url":"https:\/\/uip.pt\/wp-content\/uploads\/2022\/01\/helder-martins.jpg","type":"image\/jpeg"}],"twitter_card":"summary_large_image","twitter_misc":{"Escrito por":"\u00c2ngela Sarmento","Tempo estimado de leitura":"3 minutos"},"schema":{"@context":"https:\/\/schema.org","@graph":[{"@type":"WebSite","@id":"https:\/\/uip.pt\/#website","url":"https:\/\/uip.pt\/","name":"UIP","description":"","potentialAction":[{"@type":"SearchAction","target":{"@type":"EntryPoint","urlTemplate":"https:\/\/uip.pt\/?s={search_term_string}"},"query-input":"required name=search_term_string"}],"inLanguage":"pt-PT"},{"@type":"ImageObject","@id":"https:\/\/uip.pt\/pt-pt\/hyatt-regency-lisboa-ja-tem-diretor-geral\/#primaryimage","inLanguage":"pt-PT","url":"https:\/\/uip.pt\/wp-content\/uploads\/2022\/01\/helder-martins.jpg","contentUrl":"https:\/\/uip.pt\/wp-content\/uploads\/2022\/01\/helder-martins.jpg","width":847,"height":510,"caption":"H\u00e9lder Martins, Diretor Geral Hyatt Regency Lisboa"},{"@type":"WebPage","@id":"https:\/\/uip.pt\/pt-pt\/hyatt-regency-lisboa-ja-tem-diretor-geral\/#webpage","url":"https:\/\/uip.pt\/pt-pt\/hyatt-regency-lisboa-ja-tem-diretor-geral\/","name":"Hyatt Regency Lisboa j\u00e1 tem diretor geral - UIP","isPartOf":{"@id":"https:\/\/uip.pt\/#website"},"primaryImageOfPage":{"@id":"https:\/\/uip.pt\/pt-pt\/hyatt-regency-lisboa-ja-tem-diretor-geral\/#primaryimage"},"datePublished":"2022-01-14T12:29:13+00:00","dateModified":"2022-01-14T15:07:15+00:00","author":{"@id":"https:\/\/uip.pt\/#\/schema\/person\/9e1d6c2002444762eaa77c4380584476"},"breadcrumb":{"@id":"https:\/\/uip.pt\/pt-pt\/hyatt-regency-lisboa-ja-tem-diretor-geral\/#breadcrumb"},"inLanguage":"pt-PT","potentialAction":[{"@type":"ReadAction","target":["https:\/\/uip.pt\/pt-pt\/hyatt-regency-lisboa-ja-tem-diretor-geral\/"]}]},{"@type":"BreadcrumbList","@id":"https:\/\/uip.pt\/pt-pt\/hyatt-regency-lisboa-ja-tem-diretor-geral\/#breadcrumb","itemListElement":[{"@type":"ListItem","position":1,"name":"Home","item":"https:\/\/uip.pt\/pt-pt\/"},{"@type":"ListItem","position":2,"name":"Hyatt Regency Lisboa j\u00e1 tem diretor geral"}]},{"@type":"Person","@id":"https:\/\/uip.pt\/#\/schema\/person\/9e1d6c2002444762eaa77c4380584476","name":"\u00c2ngela Sarmento","image":{"@type":"ImageObject","@id":"https:\/\/uip.pt\/#personlogo","inLanguage":"pt-PT","url":"https:\/\/secure.gravatar.com\/avatar\/83ff31caac854fb0a7b7fb3d18a6fbf2?s=96&d=mm&r=g","contentUrl":"https:\/\/secure.gravatar.com\/avatar\/83ff31caac854fb0a7b7fb3d18a6fbf2?s=96&d=mm&r=g","caption":"\u00c2ngela Sarmento"}}]}},"_links":{"self":[{"href":"https:\/\/uip.pt\/pt-pt\/wp-json\/wp\/v2\/posts\/19893"}],"collection":[{"href":"https:\/\/uip.pt\/pt-pt\/wp-json\/wp\/v2\/posts"}],"about":[{"href":"https:\/\/uip.pt\/pt-pt\/wp-json\/wp\/v2\/types\/post"}],"author":[{"embeddable":true,"href":"https:\/\/uip.pt\/pt-pt\/wp-json\/wp\/v2\/users\/13"}],"replies":[{"embeddable":true,"href":"https:\/\/uip.pt\/pt-pt\/wp-json\/wp\/v2\/comments?post=19893"}],"version-history":[{"count":5,"href":"https:\/\/uip.pt\/pt-pt\/wp-json\/wp\/v2\/posts\/19893\/revisions"}],"predecessor-version":[{"id":19912,"href":"https:\/\/uip.pt\/pt-pt\/wp-json\/wp\/v2\/posts\/19893\/revisions\/19912"}],"wp:featuredmedia":[{"embeddable":true,"href":"https:\/\/uip.pt\/pt-pt\/wp-json\/wp\/v2\/media\/19894"}],"wp:attachment":[{"href":"https:\/\/uip.pt\/pt-pt\/wp-json\/wp\/v2\/media?parent=19893"}],"wp:term":[{"taxonomy":"category","embeddable":true,"href":"https:\/\/uip.pt\/pt-pt\/wp-json\/wp\/v2\/categories?post=19893"},{"taxonomy":"post_tag","embeddable":true,"href":"https:\/\/uip.pt\/pt-pt\/wp-json\/wp\/v2\/tags?post=19893"}],"curies":[{"name":"wp","href":"https:\/\/api.w.org\/{rel}","templated":true}]}}