{"id":15968,"date":"2020-08-27T10:07:41","date_gmt":"2020-08-27T10:07:41","guid":{"rendered":"https:\/\/uip.pt\/?p=15968"},"modified":"2020-08-27T10:07:41","modified_gmt":"2020-08-27T10:07:41","slug":"portugal-considerado-o-melhor-pais-para-viver-a-reforma","status":"publish","type":"post","link":"https:\/\/uip.pt\/pt-pt\/portugal-considerado-o-melhor-pais-para-viver-a-reforma\/","title":{"rendered":"Portugal considerado o melhor pa\u00eds para viver a reforma"},"content":{"rendered":"<p>De acordo com a <span style=\"color: #d2ab67;\"><a style=\"color: #d2ab67;\" href=\"https:\/\/internationalliving.com\/\" target=\"_blank\" rel=\"noopener noreferrer\">International Living<\/a><\/span>, Portugal \u00e9 o melhor pa\u00eds para viver durante a reforma.<\/p>\n<p>Numa lista de 20 pa\u00edses, do \u00cdndice Global Anual de Reforma, Portugal surge em primeiro lugar e a publica\u00e7\u00e3o descreve todas as vantagens de morar no pa\u00eds. Nesta an\u00e1lise, s\u00e3o tidos em conta diversos fatores, como o custo de vida, o acesso aos cuidados de sa\u00fade, ou o clima.<\/p>\n<p>Conhe\u00e7a <span style=\"color: #d2ab67;\"><a style=\"color: #d2ab67;\" href=\"https:\/\/internationalliving.com\/the-best-places-to-retire\/\" target=\"_blank\" rel=\"noopener noreferrer\">aqui<\/a><\/span> todos os benef\u00edcios de morar em Portugal.<\/p>\n<p>&nbsp;<\/p>\n","protected":false},"excerpt":{"rendered":"<p>International Living considera Portugal melhor pa\u00eds para viver reforma.<\/p>\n","protected":false},"author":13,"featured_media":15972,"comment_status":"closed","ping_status":"closed","sticky":false,"template":"","format":"standard","meta":[],"categories":[223],"tags":[],"acf":[],"yoast_head":"<!-- This site is optimized with the Yoast SEO plugin v17.8 - https:\/\/yoast.com\/wordpress\/plugins\/seo\/ -->\n<title>Portugal considerado o melhor pa\u00eds para viver a reforma - UIP<\/title>\n<meta name=\"robots\" content=\"index, follow, max-snippet:-1, max-image-preview:large, max-video-preview:-1\" \/>\n<link rel=\"canonical\" href=\"https:\/\/uip.pt\/pt-pt\/portugal-considerado-o-melhor-pais-para-viver-a-reforma\/\" \/>\n<meta property=\"og:locale\" content=\"pt_PT\" \/>\n<meta property=\"og:type\" content=\"article\" \/>\n<meta property=\"og:title\" content=\"Portugal considerado o melhor pa\u00eds para viver a reforma - UIP\" \/>\n<meta property=\"og:description\" content=\"International Living considera Portugal melhor pa\u00eds para viver reforma.\" \/>\n<meta property=\"og:url\" content=\"https:\/\/uip.pt\/pt-pt\/portugal-considerado-o-melhor-pais-para-viver-a-reforma\/\" \/>\n<meta property=\"og:site_name\" content=\"UIP\" \/>\n<meta property=\"article:published_time\" content=\"2020-08-27T10:07:41+00:00\" \/>\n<meta property=\"og:image\" content=\"https:\/\/uip.pt\/wp-content\/uploads\/2020\/08\/uip-portugal-considerado-melhor-pais-para-reforma.jpg\" \/>\n\t<meta property=\"og:image:width\" content=\"847\" \/>\n\t<meta property=\"og:image:height\" content=\"439\" \/>\n<meta name=\"twitter:card\" content=\"summary_large_image\" \/>\n<meta name=\"twitter:label1\" content=\"Escrito por\" \/>\n\t<meta name=\"twitter:data1\" content=\"\u00c2ngela Sarmento\" \/>\n<script type=\"application\/ld+json\" class=\"yoast-schema-graph\">{\"@context\":\"https:\/\/schema.org\",\"@graph\":[{\"@type\":\"WebSite\",\"@id\":\"https:\/\/uip.pt\/#website\",\"url\":\"https:\/\/uip.pt\/\",\"name\":\"UIP\",\"description\":\"\",\"potentialAction\":[{\"@type\":\"SearchAction\",\"target\":{\"@type\":\"EntryPoint\",\"urlTemplate\":\"https:\/\/uip.pt\/?s={search_term_string}\"},\"query-input\":\"required name=search_term_string\"}],\"inLanguage\":\"pt-PT\"},{\"@type\":\"ImageObject\",\"@id\":\"https:\/\/uip.pt\/pt-pt\/portugal-considerado-o-melhor-pais-para-viver-a-reforma\/#primaryimage\",\"inLanguage\":\"pt-PT\",\"url\":\"https:\/\/uip.pt\/wp-content\/uploads\/2020\/08\/uip-portugal-considerado-melhor-pais-para-reforma.jpg\",\"contentUrl\":\"https:\/\/uip.pt\/wp-content\/uploads\/2020\/08\/uip-portugal-considerado-melhor-pais-para-reforma.jpg\",\"width\":847,\"height\":439,\"caption\":\"Praia da Fal\\u00e9sia, Algarve\"},{\"@type\":\"WebPage\",\"@id\":\"https:\/\/uip.pt\/pt-pt\/portugal-considerado-o-melhor-pais-para-viver-a-reforma\/#webpage\",\"url\":\"https:\/\/uip.pt\/pt-pt\/portugal-considerado-o-melhor-pais-para-viver-a-reforma\/\",\"name\":\"Portugal considerado o melhor pa\\u00eds para viver a reforma - UIP\",\"isPartOf\":{\"@id\":\"https:\/\/uip.pt\/#website\"},\"primaryImageOfPage\":{\"@id\":\"https:\/\/uip.pt\/pt-pt\/portugal-considerado-o-melhor-pais-para-viver-a-reforma\/#primaryimage\"},\"datePublished\":\"2020-08-27T10:07:41+00:00\",\"dateModified\":\"2020-08-27T10:07:41+00:00\",\"author\":{\"@id\":\"https:\/\/uip.pt\/#\/schema\/person\/9e1d6c2002444762eaa77c4380584476\"},\"breadcrumb\":{\"@id\":\"https:\/\/uip.pt\/pt-pt\/portugal-considerado-o-melhor-pais-para-viver-a-reforma\/#breadcrumb\"},\"inLanguage\":\"pt-PT\",\"potentialAction\":[{\"@type\":\"ReadAction\",\"target\":[\"https:\/\/uip.pt\/pt-pt\/portugal-considerado-o-melhor-pais-para-viver-a-reforma\/\"]}]},{\"@type\":\"BreadcrumbList\",\"@id\":\"https:\/\/uip.pt\/pt-pt\/portugal-considerado-o-melhor-pais-para-viver-a-reforma\/#breadcrumb\",\"itemListElement\":[{\"@type\":\"ListItem\",\"position\":1,\"name\":\"Home\",\"item\":\"https:\/\/uip.pt\/pt-pt\/\"},{\"@type\":\"ListItem\",\"position\":2,\"name\":\"Portugal considerado o melhor pa\\u00eds para viver a reforma\"}]},{\"@type\":\"Person\",\"@id\":\"https:\/\/uip.pt\/#\/schema\/person\/9e1d6c2002444762eaa77c4380584476\",\"name\":\"\\u00c2ngela Sarmento\",\"image\":{\"@type\":\"ImageObject\",\"@id\":\"https:\/\/uip.pt\/#personlogo\",\"inLanguage\":\"pt-PT\",\"url\":\"https:\/\/secure.gravatar.com\/avatar\/83ff31caac854fb0a7b7fb3d18a6fbf2?s=96&d=mm&r=g\",\"contentUrl\":\"https:\/\/secure.gravatar.com\/avatar\/83ff31caac854fb0a7b7fb3d18a6fbf2?s=96&d=mm&r=g\",\"caption\":\"\\u00c2ngela Sarmento\"}}]}<\/script>\n<!-- \/ Yoast SEO plugin. -->","yoast_head_json":{"title":"Portugal considerado o melhor pa\u00eds para viver a reforma - UIP","robots":{"index":"index","follow":"follow","max-snippet":"max-snippet:-1","max-image-preview":"max-image-preview:large","max-video-preview":"max-video-preview:-1"},"canonical":"https:\/\/uip.pt\/pt-pt\/portugal-considerado-o-melhor-pais-para-viver-a-reforma\/","og_locale":"pt_PT","og_type":"article","og_title":"Portugal considerado o melhor pa\u00eds para viver a reforma - UIP","og_description":"International Living considera Portugal melhor pa\u00eds para viver reforma.","og_url":"https:\/\/uip.pt\/pt-pt\/portugal-considerado-o-melhor-pais-para-viver-a-reforma\/","og_site_name":"UIP","article_published_time":"2020-08-27T10:07:41+00:00","og_image":[{"width":847,"height":439,"url":"https:\/\/uip.pt\/wp-content\/uploads\/2020\/08\/uip-portugal-considerado-melhor-pais-para-reforma.jpg","type":"image\/jpeg"}],"twitter_card":"summary_large_image","twitter_misc":{"Escrito por":"\u00c2ngela Sarmento"},"schema":{"@context":"https:\/\/schema.org","@graph":[{"@type":"WebSite","@id":"https:\/\/uip.pt\/#website","url":"https:\/\/uip.pt\/","name":"UIP","description":"","potentialAction":[{"@type":"SearchAction","target":{"@type":"EntryPoint","urlTemplate":"https:\/\/uip.pt\/?s={search_term_string}"},"query-input":"required name=search_term_string"}],"inLanguage":"pt-PT"},{"@type":"ImageObject","@id":"https:\/\/uip.pt\/pt-pt\/portugal-considerado-o-melhor-pais-para-viver-a-reforma\/#primaryimage","inLanguage":"pt-PT","url":"https:\/\/uip.pt\/wp-content\/uploads\/2020\/08\/uip-portugal-considerado-melhor-pais-para-reforma.jpg","contentUrl":"https:\/\/uip.pt\/wp-content\/uploads\/2020\/08\/uip-portugal-considerado-melhor-pais-para-reforma.jpg","width":847,"height":439,"caption":"Praia da Fal\u00e9sia, Algarve"},{"@type":"WebPage","@id":"https:\/\/uip.pt\/pt-pt\/portugal-considerado-o-melhor-pais-para-viver-a-reforma\/#webpage","url":"https:\/\/uip.pt\/pt-pt\/portugal-considerado-o-melhor-pais-para-viver-a-reforma\/","name":"Portugal considerado o melhor pa\u00eds para viver a reforma - UIP","isPartOf":{"@id":"https:\/\/uip.pt\/#website"},"primaryImageOfPage":{"@id":"https:\/\/uip.pt\/pt-pt\/portugal-considerado-o-melhor-pais-para-viver-a-reforma\/#primaryimage"},"datePublished":"2020-08-27T10:07:41+00:00","dateModified":"2020-08-27T10:07:41+00:00","author":{"@id":"https:\/\/uip.pt\/#\/schema\/person\/9e1d6c2002444762eaa77c4380584476"},"breadcrumb":{"@id":"https:\/\/uip.pt\/pt-pt\/portugal-considerado-o-melhor-pais-para-viver-a-reforma\/#breadcrumb"},"inLanguage":"pt-PT","potentialAction":[{"@type":"ReadAction","target":["https:\/\/uip.pt\/pt-pt\/portugal-considerado-o-melhor-pais-para-viver-a-reforma\/"]}]},{"@type":"BreadcrumbList","@id":"https:\/\/uip.pt\/pt-pt\/portugal-considerado-o-melhor-pais-para-viver-a-reforma\/#breadcrumb","itemListElement":[{"@type":"ListItem","position":1,"name":"Home","item":"https:\/\/uip.pt\/pt-pt\/"},{"@type":"ListItem","position":2,"name":"Portugal considerado o melhor pa\u00eds para viver a reforma"}]},{"@type":"Person","@id":"https:\/\/uip.pt\/#\/schema\/person\/9e1d6c2002444762eaa77c4380584476","name":"\u00c2ngela Sarmento","image":{"@type":"ImageObject","@id":"https:\/\/uip.pt\/#personlogo","inLanguage":"pt-PT","url":"https:\/\/secure.gravatar.com\/avatar\/83ff31caac854fb0a7b7fb3d18a6fbf2?s=96&d=mm&r=g","contentUrl":"https:\/\/secure.gravatar.com\/avatar\/83ff31caac854fb0a7b7fb3d18a6fbf2?s=96&d=mm&r=g","caption":"\u00c2ngela Sarmento"}}]}},"_links":{"self":[{"href":"https:\/\/uip.pt\/pt-pt\/wp-json\/wp\/v2\/posts\/15968"}],"collection":[{"href":"https:\/\/uip.pt\/pt-pt\/wp-json\/wp\/v2\/posts"}],"about":[{"href":"https:\/\/uip.pt\/pt-pt\/wp-json\/wp\/v2\/types\/post"}],"author":[{"embeddable":true,"href":"https:\/\/uip.pt\/pt-pt\/wp-json\/wp\/v2\/users\/13"}],"replies":[{"embeddable":true,"href":"https:\/\/uip.pt\/pt-pt\/wp-json\/wp\/v2\/comments?post=15968"}],"version-history":[{"count":1,"href":"https:\/\/uip.pt\/pt-pt\/wp-json\/wp\/v2\/posts\/15968\/revisions"}],"predecessor-version":[{"id":15974,"href":"https:\/\/uip.pt\/pt-pt\/wp-json\/wp\/v2\/posts\/15968\/revisions\/15974"}],"wp:featuredmedia":[{"embeddable":true,"href":"https:\/\/uip.pt\/pt-pt\/wp-json\/wp\/v2\/media\/15972"}],"wp:attachment":[{"href":"https:\/\/uip.pt\/pt-pt\/wp-json\/wp\/v2\/media?parent=15968"}],"wp:term":[{"taxonomy":"category","embeddable":true,"href":"https:\/\/uip.pt\/pt-pt\/wp-json\/wp\/v2\/categories?post=15968"},{"taxonomy":"post_tag","embeddable":true,"href":"https:\/\/uip.pt\/pt-pt\/wp-json\/wp\/v2\/tags?post=15968"}],"curies":[{"name":"wp","href":"https:\/\/api.w.org\/{rel}","templated":true}]}}