{"id":15521,"date":"2020-06-29T16:36:49","date_gmt":"2020-06-29T16:36:49","guid":{"rendered":"https:\/\/uip.pt\/?p=15521"},"modified":"2020-06-29T16:36:49","modified_gmt":"2020-06-29T16:36:49","slug":"carlos-leal-conta-a-exame-o-que-retirou-desta-pandemia","status":"publish","type":"post","link":"https:\/\/uip.pt\/pt-pt\/carlos-leal-conta-a-exame-o-que-retirou-desta-pandemia\/","title":{"rendered":"Carlos Leal conta \u00e0 Exame o que retirou desta pandemia"},"content":{"rendered":"<p>Carlos Leal, diretor geral da UIP, partilhou com a revista Exame o que aprendeu com a pandemia. Na sua declara\u00e7\u00e3o, revela como foi surpreendido com a capacidade de adapta\u00e7\u00e3o das pessoas e como a tecnologia veio facilitar a forma como se trabalha e faz neg\u00f3cios \u00e0 dist\u00e2ncia. Veja a partilha completa <span style=\"color: #d2ab67;\"><a style=\"color: #d2ab67;\" href=\"https:\/\/uip.pt\/wp-content\/uploads\/2020\/06\/UIP-Carlos-Leal-Exame.pdf\" target=\"_blank\" rel=\"noopener noreferrer\">aqui<\/a><\/span>.<\/p>\n","protected":false},"excerpt":{"rendered":"<p>Carlos Leal, diretor geral da UIP, partilhou com a revista Exame o que aprendeu com a pandemia.\u00a0<\/p>\n","protected":false},"author":13,"featured_media":12943,"comment_status":"closed","ping_status":"closed","sticky":false,"template":"","format":"standard","meta":[],"categories":[167],"tags":[],"acf":[],"yoast_head":"<!-- This site is optimized with the Yoast SEO plugin v17.8 - https:\/\/yoast.com\/wordpress\/plugins\/seo\/ -->\n<title>Carlos Leal conta \u00e0 Exame o que retirou desta pandemia - UIP<\/title>\n<meta name=\"robots\" content=\"index, follow, max-snippet:-1, max-image-preview:large, max-video-preview:-1\" \/>\n<link rel=\"canonical\" href=\"https:\/\/uip.pt\/pt-pt\/carlos-leal-conta-a-exame-o-que-retirou-desta-pandemia\/\" \/>\n<meta property=\"og:locale\" content=\"pt_PT\" \/>\n<meta property=\"og:type\" content=\"article\" \/>\n<meta property=\"og:title\" content=\"Carlos Leal conta \u00e0 Exame o que retirou desta pandemia - UIP\" \/>\n<meta property=\"og:description\" content=\"Carlos Leal, diretor geral da UIP, partilhou com a revista Exame o que aprendeu com a pandemia.\u00a0\" \/>\n<meta property=\"og:url\" content=\"https:\/\/uip.pt\/pt-pt\/carlos-leal-conta-a-exame-o-que-retirou-desta-pandemia\/\" \/>\n<meta property=\"og:site_name\" content=\"UIP\" \/>\n<meta property=\"article:published_time\" content=\"2020-06-29T16:36:49+00:00\" \/>\n<meta property=\"og:image\" content=\"https:\/\/uip.pt\/wp-content\/uploads\/2019\/11\/uip-expande-portfolio.png\" \/>\n\t<meta property=\"og:image:width\" content=\"848\" \/>\n\t<meta property=\"og:image:height\" content=\"420\" \/>\n<meta name=\"twitter:card\" content=\"summary_large_image\" \/>\n<meta name=\"twitter:label1\" content=\"Escrito por\" \/>\n\t<meta name=\"twitter:data1\" content=\"\u00c2ngela Sarmento\" \/>\n<script type=\"application\/ld+json\" class=\"yoast-schema-graph\">{\"@context\":\"https:\/\/schema.org\",\"@graph\":[{\"@type\":\"WebSite\",\"@id\":\"https:\/\/uip.pt\/#website\",\"url\":\"https:\/\/uip.pt\/\",\"name\":\"UIP\",\"description\":\"\",\"potentialAction\":[{\"@type\":\"SearchAction\",\"target\":{\"@type\":\"EntryPoint\",\"urlTemplate\":\"https:\/\/uip.pt\/?s={search_term_string}\"},\"query-input\":\"required name=search_term_string\"}],\"inLanguage\":\"pt-PT\"},{\"@type\":\"ImageObject\",\"@id\":\"https:\/\/uip.pt\/pt-pt\/carlos-leal-conta-a-exame-o-que-retirou-desta-pandemia\/#primaryimage\",\"inLanguage\":\"pt-PT\",\"url\":\"https:\/\/uip.pt\/wp-content\/uploads\/2019\/11\/uip-expande-portfolio.png\",\"contentUrl\":\"https:\/\/uip.pt\/wp-content\/uploads\/2019\/11\/uip-expande-portfolio.png\",\"width\":848,\"height\":420,\"caption\":\"Carlos Leal, Diretor Geral da UIP\"},{\"@type\":\"WebPage\",\"@id\":\"https:\/\/uip.pt\/pt-pt\/carlos-leal-conta-a-exame-o-que-retirou-desta-pandemia\/#webpage\",\"url\":\"https:\/\/uip.pt\/pt-pt\/carlos-leal-conta-a-exame-o-que-retirou-desta-pandemia\/\",\"name\":\"Carlos Leal conta \\u00e0 Exame o que retirou desta pandemia - UIP\",\"isPartOf\":{\"@id\":\"https:\/\/uip.pt\/#website\"},\"primaryImageOfPage\":{\"@id\":\"https:\/\/uip.pt\/pt-pt\/carlos-leal-conta-a-exame-o-que-retirou-desta-pandemia\/#primaryimage\"},\"datePublished\":\"2020-06-29T16:36:49+00:00\",\"dateModified\":\"2020-06-29T16:36:49+00:00\",\"author\":{\"@id\":\"https:\/\/uip.pt\/#\/schema\/person\/9e1d6c2002444762eaa77c4380584476\"},\"breadcrumb\":{\"@id\":\"https:\/\/uip.pt\/pt-pt\/carlos-leal-conta-a-exame-o-que-retirou-desta-pandemia\/#breadcrumb\"},\"inLanguage\":\"pt-PT\",\"potentialAction\":[{\"@type\":\"ReadAction\",\"target\":[\"https:\/\/uip.pt\/pt-pt\/carlos-leal-conta-a-exame-o-que-retirou-desta-pandemia\/\"]}]},{\"@type\":\"BreadcrumbList\",\"@id\":\"https:\/\/uip.pt\/pt-pt\/carlos-leal-conta-a-exame-o-que-retirou-desta-pandemia\/#breadcrumb\",\"itemListElement\":[{\"@type\":\"ListItem\",\"position\":1,\"name\":\"Home\",\"item\":\"https:\/\/uip.pt\/pt-pt\/\"},{\"@type\":\"ListItem\",\"position\":2,\"name\":\"Carlos Leal conta \\u00e0 Exame o que retirou desta pandemia\"}]},{\"@type\":\"Person\",\"@id\":\"https:\/\/uip.pt\/#\/schema\/person\/9e1d6c2002444762eaa77c4380584476\",\"name\":\"\\u00c2ngela Sarmento\",\"image\":{\"@type\":\"ImageObject\",\"@id\":\"https:\/\/uip.pt\/#personlogo\",\"inLanguage\":\"pt-PT\",\"url\":\"https:\/\/secure.gravatar.com\/avatar\/83ff31caac854fb0a7b7fb3d18a6fbf2?s=96&d=mm&r=g\",\"contentUrl\":\"https:\/\/secure.gravatar.com\/avatar\/83ff31caac854fb0a7b7fb3d18a6fbf2?s=96&d=mm&r=g\",\"caption\":\"\\u00c2ngela Sarmento\"}}]}<\/script>\n<!-- \/ Yoast SEO plugin. -->","yoast_head_json":{"title":"Carlos Leal conta \u00e0 Exame o que retirou desta pandemia - UIP","robots":{"index":"index","follow":"follow","max-snippet":"max-snippet:-1","max-image-preview":"max-image-preview:large","max-video-preview":"max-video-preview:-1"},"canonical":"https:\/\/uip.pt\/pt-pt\/carlos-leal-conta-a-exame-o-que-retirou-desta-pandemia\/","og_locale":"pt_PT","og_type":"article","og_title":"Carlos Leal conta \u00e0 Exame o que retirou desta pandemia - UIP","og_description":"Carlos Leal, diretor geral da UIP, partilhou com a revista Exame o que aprendeu com a pandemia.\u00a0","og_url":"https:\/\/uip.pt\/pt-pt\/carlos-leal-conta-a-exame-o-que-retirou-desta-pandemia\/","og_site_name":"UIP","article_published_time":"2020-06-29T16:36:49+00:00","og_image":[{"width":848,"height":420,"url":"https:\/\/uip.pt\/wp-content\/uploads\/2019\/11\/uip-expande-portfolio.png","type":"image\/png"}],"twitter_card":"summary_large_image","twitter_misc":{"Escrito por":"\u00c2ngela Sarmento"},"schema":{"@context":"https:\/\/schema.org","@graph":[{"@type":"WebSite","@id":"https:\/\/uip.pt\/#website","url":"https:\/\/uip.pt\/","name":"UIP","description":"","potentialAction":[{"@type":"SearchAction","target":{"@type":"EntryPoint","urlTemplate":"https:\/\/uip.pt\/?s={search_term_string}"},"query-input":"required name=search_term_string"}],"inLanguage":"pt-PT"},{"@type":"ImageObject","@id":"https:\/\/uip.pt\/pt-pt\/carlos-leal-conta-a-exame-o-que-retirou-desta-pandemia\/#primaryimage","inLanguage":"pt-PT","url":"https:\/\/uip.pt\/wp-content\/uploads\/2019\/11\/uip-expande-portfolio.png","contentUrl":"https:\/\/uip.pt\/wp-content\/uploads\/2019\/11\/uip-expande-portfolio.png","width":848,"height":420,"caption":"Carlos Leal, Diretor Geral da UIP"},{"@type":"WebPage","@id":"https:\/\/uip.pt\/pt-pt\/carlos-leal-conta-a-exame-o-que-retirou-desta-pandemia\/#webpage","url":"https:\/\/uip.pt\/pt-pt\/carlos-leal-conta-a-exame-o-que-retirou-desta-pandemia\/","name":"Carlos Leal conta \u00e0 Exame o que retirou desta pandemia - UIP","isPartOf":{"@id":"https:\/\/uip.pt\/#website"},"primaryImageOfPage":{"@id":"https:\/\/uip.pt\/pt-pt\/carlos-leal-conta-a-exame-o-que-retirou-desta-pandemia\/#primaryimage"},"datePublished":"2020-06-29T16:36:49+00:00","dateModified":"2020-06-29T16:36:49+00:00","author":{"@id":"https:\/\/uip.pt\/#\/schema\/person\/9e1d6c2002444762eaa77c4380584476"},"breadcrumb":{"@id":"https:\/\/uip.pt\/pt-pt\/carlos-leal-conta-a-exame-o-que-retirou-desta-pandemia\/#breadcrumb"},"inLanguage":"pt-PT","potentialAction":[{"@type":"ReadAction","target":["https:\/\/uip.pt\/pt-pt\/carlos-leal-conta-a-exame-o-que-retirou-desta-pandemia\/"]}]},{"@type":"BreadcrumbList","@id":"https:\/\/uip.pt\/pt-pt\/carlos-leal-conta-a-exame-o-que-retirou-desta-pandemia\/#breadcrumb","itemListElement":[{"@type":"ListItem","position":1,"name":"Home","item":"https:\/\/uip.pt\/pt-pt\/"},{"@type":"ListItem","position":2,"name":"Carlos Leal conta \u00e0 Exame o que retirou desta pandemia"}]},{"@type":"Person","@id":"https:\/\/uip.pt\/#\/schema\/person\/9e1d6c2002444762eaa77c4380584476","name":"\u00c2ngela Sarmento","image":{"@type":"ImageObject","@id":"https:\/\/uip.pt\/#personlogo","inLanguage":"pt-PT","url":"https:\/\/secure.gravatar.com\/avatar\/83ff31caac854fb0a7b7fb3d18a6fbf2?s=96&d=mm&r=g","contentUrl":"https:\/\/secure.gravatar.com\/avatar\/83ff31caac854fb0a7b7fb3d18a6fbf2?s=96&d=mm&r=g","caption":"\u00c2ngela Sarmento"}}]}},"_links":{"self":[{"href":"https:\/\/uip.pt\/pt-pt\/wp-json\/wp\/v2\/posts\/15521"}],"collection":[{"href":"https:\/\/uip.pt\/pt-pt\/wp-json\/wp\/v2\/posts"}],"about":[{"href":"https:\/\/uip.pt\/pt-pt\/wp-json\/wp\/v2\/types\/post"}],"author":[{"embeddable":true,"href":"https:\/\/uip.pt\/pt-pt\/wp-json\/wp\/v2\/users\/13"}],"replies":[{"embeddable":true,"href":"https:\/\/uip.pt\/pt-pt\/wp-json\/wp\/v2\/comments?post=15521"}],"version-history":[{"count":1,"href":"https:\/\/uip.pt\/pt-pt\/wp-json\/wp\/v2\/posts\/15521\/revisions"}],"predecessor-version":[{"id":15524,"href":"https:\/\/uip.pt\/pt-pt\/wp-json\/wp\/v2\/posts\/15521\/revisions\/15524"}],"wp:featuredmedia":[{"embeddable":true,"href":"https:\/\/uip.pt\/pt-pt\/wp-json\/wp\/v2\/media\/12943"}],"wp:attachment":[{"href":"https:\/\/uip.pt\/pt-pt\/wp-json\/wp\/v2\/media?parent=15521"}],"wp:term":[{"taxonomy":"category","embeddable":true,"href":"https:\/\/uip.pt\/pt-pt\/wp-json\/wp\/v2\/categories?post=15521"},{"taxonomy":"post_tag","embeddable":true,"href":"https:\/\/uip.pt\/pt-pt\/wp-json\/wp\/v2\/tags?post=15521"}],"curies":[{"name":"wp","href":"https:\/\/api.w.org\/{rel}","templated":true}]}}