{"id":15237,"date":"2020-06-08T13:59:24","date_gmt":"2020-06-08T13:59:24","guid":{"rendered":"https:\/\/uip.pt\/?p=15237"},"modified":"2020-06-08T13:59:24","modified_gmt":"2020-06-08T13:59:24","slug":"portugal-e-o-primeiro-pais-europeu-a-receber-o-selo-safe-travels","status":"publish","type":"post","link":"https:\/\/uip.pt\/pt-pt\/portugal-e-o-primeiro-pais-europeu-a-receber-o-selo-safe-travels\/","title":{"rendered":"Portugal \u00e9 o primeiro pa\u00eds europeu a receber o selo &#8220;Safe Travels&#8221;"},"content":{"rendered":"<p>Depois do selo &#8220;Clean&amp;Safe&#8221; do Turismo de Portugal, chega o selo &#8220;Safe Travels&#8221;. Portugal foi o primeiro pa\u00eds a receber a distin\u00e7\u00e3o do World Travel &amp; Tourism Council, que certifica os destinos que cumprem as regras de higiene e seguran\u00e7a.<\/p>\n<p>O objetivo deste selo \u00e9 dar confian\u00e7a a todos os que queiram viajar ap\u00f3s as restri\u00e7\u00f5es impostas pela pandemia da Covid-19.<\/p>\n<p>Mais detalhes sobre esta certifica\u00e7\u00e3o <span style=\"color: #d2ab67;\"><a style=\"color: #d2ab67;\" href=\"https:\/\/www-publico-pt.cdn.ampproject.org\/c\/s\/www.publico.pt\/2020\/06\/04\/sociedade\/noticia\/portugal-pais-europeu-receber-selo-safe-travels-1919511\/amp\" target=\"_blank\" rel=\"noopener noreferrer\">aqui<\/a><\/span>, <span style=\"color: #d2ab67;\"><a style=\"color: #d2ab67;\" href=\"https:\/\/eco.sapo.pt\/2020\/06\/05\/portugal-e-o-primeiro-destino-europeu-a-receber-o-selo-safe-travels\/\" target=\"_blank\" rel=\"noopener noreferrer\">aqui<\/a><\/span> e <span style=\"color: #d2ab67;\"><a style=\"color: #d2ab67;\" href=\"https:\/\/expresso.pt\/coronavirus\/2020-06-04-Portugal-e-o-primeiro-pais-europeu-a-receber-o-selo-Safe-Travels\" target=\"_blank\" rel=\"noopener noreferrer\">aqui<\/a><\/span>.<\/p>\n","protected":false},"excerpt":{"rendered":"<p>A distin\u00e7\u00e3o foi criada pelo World Travel &#038; Tourism Council.<\/p>\n","protected":false},"author":13,"featured_media":15240,"comment_status":"closed","ping_status":"closed","sticky":false,"template":"","format":"standard","meta":[],"categories":[223],"tags":[],"acf":[],"yoast_head":"<!-- This site is optimized with the Yoast SEO plugin v17.8 - https:\/\/yoast.com\/wordpress\/plugins\/seo\/ -->\n<title>Portugal \u00e9 o primeiro pa\u00eds europeu a receber o selo &quot;Safe Travels&quot; - UIP<\/title>\n<meta name=\"robots\" content=\"index, follow, max-snippet:-1, max-image-preview:large, max-video-preview:-1\" \/>\n<link rel=\"canonical\" href=\"https:\/\/uip.pt\/pt-pt\/portugal-e-o-primeiro-pais-europeu-a-receber-o-selo-safe-travels\/\" \/>\n<meta property=\"og:locale\" content=\"pt_PT\" \/>\n<meta property=\"og:type\" content=\"article\" \/>\n<meta property=\"og:title\" content=\"Portugal \u00e9 o primeiro pa\u00eds europeu a receber o selo &quot;Safe Travels&quot; - UIP\" \/>\n<meta property=\"og:description\" content=\"A distin\u00e7\u00e3o foi criada pelo World Travel &amp; Tourism Council.\" \/>\n<meta property=\"og:url\" content=\"https:\/\/uip.pt\/pt-pt\/portugal-e-o-primeiro-pais-europeu-a-receber-o-selo-safe-travels\/\" \/>\n<meta property=\"og:site_name\" content=\"UIP\" \/>\n<meta property=\"article:published_time\" content=\"2020-06-08T13:59:24+00:00\" \/>\n<meta property=\"og:image\" content=\"https:\/\/uip.pt\/wp-content\/uploads\/2020\/06\/pine-cliffs-resort-destino-algarve.jpg\" \/>\n\t<meta property=\"og:image:width\" content=\"848\" \/>\n\t<meta property=\"og:image:height\" content=\"439\" \/>\n<meta name=\"twitter:card\" content=\"summary_large_image\" \/>\n<meta name=\"twitter:label1\" content=\"Escrito por\" \/>\n\t<meta name=\"twitter:data1\" content=\"\u00c2ngela Sarmento\" \/>\n<script type=\"application\/ld+json\" class=\"yoast-schema-graph\">{\"@context\":\"https:\/\/schema.org\",\"@graph\":[{\"@type\":\"WebSite\",\"@id\":\"https:\/\/uip.pt\/#website\",\"url\":\"https:\/\/uip.pt\/\",\"name\":\"UIP\",\"description\":\"\",\"potentialAction\":[{\"@type\":\"SearchAction\",\"target\":{\"@type\":\"EntryPoint\",\"urlTemplate\":\"https:\/\/uip.pt\/?s={search_term_string}\"},\"query-input\":\"required name=search_term_string\"}],\"inLanguage\":\"pt-PT\"},{\"@type\":\"ImageObject\",\"@id\":\"https:\/\/uip.pt\/pt-pt\/portugal-e-o-primeiro-pais-europeu-a-receber-o-selo-safe-travels\/#primaryimage\",\"inLanguage\":\"pt-PT\",\"url\":\"https:\/\/uip.pt\/wp-content\/uploads\/2020\/06\/pine-cliffs-resort-destino-algarve.jpg\",\"contentUrl\":\"https:\/\/uip.pt\/wp-content\/uploads\/2020\/06\/pine-cliffs-resort-destino-algarve.jpg\",\"width\":848,\"height\":439,\"caption\":\"Praia da Fal\\u00e9sia, Pine Cliffs Resort\"},{\"@type\":\"WebPage\",\"@id\":\"https:\/\/uip.pt\/pt-pt\/portugal-e-o-primeiro-pais-europeu-a-receber-o-selo-safe-travels\/#webpage\",\"url\":\"https:\/\/uip.pt\/pt-pt\/portugal-e-o-primeiro-pais-europeu-a-receber-o-selo-safe-travels\/\",\"name\":\"Portugal \\u00e9 o primeiro pa\\u00eds europeu a receber o selo \\\"Safe Travels\\\" - UIP\",\"isPartOf\":{\"@id\":\"https:\/\/uip.pt\/#website\"},\"primaryImageOfPage\":{\"@id\":\"https:\/\/uip.pt\/pt-pt\/portugal-e-o-primeiro-pais-europeu-a-receber-o-selo-safe-travels\/#primaryimage\"},\"datePublished\":\"2020-06-08T13:59:24+00:00\",\"dateModified\":\"2020-06-08T13:59:24+00:00\",\"author\":{\"@id\":\"https:\/\/uip.pt\/#\/schema\/person\/9e1d6c2002444762eaa77c4380584476\"},\"breadcrumb\":{\"@id\":\"https:\/\/uip.pt\/pt-pt\/portugal-e-o-primeiro-pais-europeu-a-receber-o-selo-safe-travels\/#breadcrumb\"},\"inLanguage\":\"pt-PT\",\"potentialAction\":[{\"@type\":\"ReadAction\",\"target\":[\"https:\/\/uip.pt\/pt-pt\/portugal-e-o-primeiro-pais-europeu-a-receber-o-selo-safe-travels\/\"]}]},{\"@type\":\"BreadcrumbList\",\"@id\":\"https:\/\/uip.pt\/pt-pt\/portugal-e-o-primeiro-pais-europeu-a-receber-o-selo-safe-travels\/#breadcrumb\",\"itemListElement\":[{\"@type\":\"ListItem\",\"position\":1,\"name\":\"Home\",\"item\":\"https:\/\/uip.pt\/pt-pt\/\"},{\"@type\":\"ListItem\",\"position\":2,\"name\":\"Portugal \\u00e9 o primeiro pa\\u00eds europeu a receber o selo &#8220;Safe Travels&#8221;\"}]},{\"@type\":\"Person\",\"@id\":\"https:\/\/uip.pt\/#\/schema\/person\/9e1d6c2002444762eaa77c4380584476\",\"name\":\"\\u00c2ngela Sarmento\",\"image\":{\"@type\":\"ImageObject\",\"@id\":\"https:\/\/uip.pt\/#personlogo\",\"inLanguage\":\"pt-PT\",\"url\":\"https:\/\/secure.gravatar.com\/avatar\/83ff31caac854fb0a7b7fb3d18a6fbf2?s=96&d=mm&r=g\",\"contentUrl\":\"https:\/\/secure.gravatar.com\/avatar\/83ff31caac854fb0a7b7fb3d18a6fbf2?s=96&d=mm&r=g\",\"caption\":\"\\u00c2ngela Sarmento\"}}]}<\/script>\n<!-- \/ Yoast SEO plugin. -->","yoast_head_json":{"title":"Portugal \u00e9 o primeiro pa\u00eds europeu a receber o selo \"Safe Travels\" - UIP","robots":{"index":"index","follow":"follow","max-snippet":"max-snippet:-1","max-image-preview":"max-image-preview:large","max-video-preview":"max-video-preview:-1"},"canonical":"https:\/\/uip.pt\/pt-pt\/portugal-e-o-primeiro-pais-europeu-a-receber-o-selo-safe-travels\/","og_locale":"pt_PT","og_type":"article","og_title":"Portugal \u00e9 o primeiro pa\u00eds europeu a receber o selo \"Safe Travels\" - UIP","og_description":"A distin\u00e7\u00e3o foi criada pelo World Travel & Tourism Council.","og_url":"https:\/\/uip.pt\/pt-pt\/portugal-e-o-primeiro-pais-europeu-a-receber-o-selo-safe-travels\/","og_site_name":"UIP","article_published_time":"2020-06-08T13:59:24+00:00","og_image":[{"width":848,"height":439,"url":"https:\/\/uip.pt\/wp-content\/uploads\/2020\/06\/pine-cliffs-resort-destino-algarve.jpg","type":"image\/jpeg"}],"twitter_card":"summary_large_image","twitter_misc":{"Escrito por":"\u00c2ngela Sarmento"},"schema":{"@context":"https:\/\/schema.org","@graph":[{"@type":"WebSite","@id":"https:\/\/uip.pt\/#website","url":"https:\/\/uip.pt\/","name":"UIP","description":"","potentialAction":[{"@type":"SearchAction","target":{"@type":"EntryPoint","urlTemplate":"https:\/\/uip.pt\/?s={search_term_string}"},"query-input":"required name=search_term_string"}],"inLanguage":"pt-PT"},{"@type":"ImageObject","@id":"https:\/\/uip.pt\/pt-pt\/portugal-e-o-primeiro-pais-europeu-a-receber-o-selo-safe-travels\/#primaryimage","inLanguage":"pt-PT","url":"https:\/\/uip.pt\/wp-content\/uploads\/2020\/06\/pine-cliffs-resort-destino-algarve.jpg","contentUrl":"https:\/\/uip.pt\/wp-content\/uploads\/2020\/06\/pine-cliffs-resort-destino-algarve.jpg","width":848,"height":439,"caption":"Praia da Fal\u00e9sia, Pine Cliffs Resort"},{"@type":"WebPage","@id":"https:\/\/uip.pt\/pt-pt\/portugal-e-o-primeiro-pais-europeu-a-receber-o-selo-safe-travels\/#webpage","url":"https:\/\/uip.pt\/pt-pt\/portugal-e-o-primeiro-pais-europeu-a-receber-o-selo-safe-travels\/","name":"Portugal \u00e9 o primeiro pa\u00eds europeu a receber o selo \"Safe Travels\" - UIP","isPartOf":{"@id":"https:\/\/uip.pt\/#website"},"primaryImageOfPage":{"@id":"https:\/\/uip.pt\/pt-pt\/portugal-e-o-primeiro-pais-europeu-a-receber-o-selo-safe-travels\/#primaryimage"},"datePublished":"2020-06-08T13:59:24+00:00","dateModified":"2020-06-08T13:59:24+00:00","author":{"@id":"https:\/\/uip.pt\/#\/schema\/person\/9e1d6c2002444762eaa77c4380584476"},"breadcrumb":{"@id":"https:\/\/uip.pt\/pt-pt\/portugal-e-o-primeiro-pais-europeu-a-receber-o-selo-safe-travels\/#breadcrumb"},"inLanguage":"pt-PT","potentialAction":[{"@type":"ReadAction","target":["https:\/\/uip.pt\/pt-pt\/portugal-e-o-primeiro-pais-europeu-a-receber-o-selo-safe-travels\/"]}]},{"@type":"BreadcrumbList","@id":"https:\/\/uip.pt\/pt-pt\/portugal-e-o-primeiro-pais-europeu-a-receber-o-selo-safe-travels\/#breadcrumb","itemListElement":[{"@type":"ListItem","position":1,"name":"Home","item":"https:\/\/uip.pt\/pt-pt\/"},{"@type":"ListItem","position":2,"name":"Portugal \u00e9 o primeiro pa\u00eds europeu a receber o selo &#8220;Safe Travels&#8221;"}]},{"@type":"Person","@id":"https:\/\/uip.pt\/#\/schema\/person\/9e1d6c2002444762eaa77c4380584476","name":"\u00c2ngela Sarmento","image":{"@type":"ImageObject","@id":"https:\/\/uip.pt\/#personlogo","inLanguage":"pt-PT","url":"https:\/\/secure.gravatar.com\/avatar\/83ff31caac854fb0a7b7fb3d18a6fbf2?s=96&d=mm&r=g","contentUrl":"https:\/\/secure.gravatar.com\/avatar\/83ff31caac854fb0a7b7fb3d18a6fbf2?s=96&d=mm&r=g","caption":"\u00c2ngela Sarmento"}}]}},"_links":{"self":[{"href":"https:\/\/uip.pt\/pt-pt\/wp-json\/wp\/v2\/posts\/15237"}],"collection":[{"href":"https:\/\/uip.pt\/pt-pt\/wp-json\/wp\/v2\/posts"}],"about":[{"href":"https:\/\/uip.pt\/pt-pt\/wp-json\/wp\/v2\/types\/post"}],"author":[{"embeddable":true,"href":"https:\/\/uip.pt\/pt-pt\/wp-json\/wp\/v2\/users\/13"}],"replies":[{"embeddable":true,"href":"https:\/\/uip.pt\/pt-pt\/wp-json\/wp\/v2\/comments?post=15237"}],"version-history":[{"count":1,"href":"https:\/\/uip.pt\/pt-pt\/wp-json\/wp\/v2\/posts\/15237\/revisions"}],"predecessor-version":[{"id":15242,"href":"https:\/\/uip.pt\/pt-pt\/wp-json\/wp\/v2\/posts\/15237\/revisions\/15242"}],"wp:featuredmedia":[{"embeddable":true,"href":"https:\/\/uip.pt\/pt-pt\/wp-json\/wp\/v2\/media\/15240"}],"wp:attachment":[{"href":"https:\/\/uip.pt\/pt-pt\/wp-json\/wp\/v2\/media?parent=15237"}],"wp:term":[{"taxonomy":"category","embeddable":true,"href":"https:\/\/uip.pt\/pt-pt\/wp-json\/wp\/v2\/categories?post=15237"},{"taxonomy":"post_tag","embeddable":true,"href":"https:\/\/uip.pt\/pt-pt\/wp-json\/wp\/v2\/tags?post=15237"}],"curies":[{"name":"wp","href":"https:\/\/api.w.org\/{rel}","templated":true}]}}