{"id":14672,"date":"2020-04-28T14:03:35","date_gmt":"2020-04-28T14:03:35","guid":{"rendered":"https:\/\/uip.pt\/portugal-clean-and-safe-destination\/"},"modified":"2020-04-28T14:14:40","modified_gmt":"2020-04-28T14:14:40","slug":"ferias-em-seguranca","status":"publish","type":"post","link":"https:\/\/uip.pt\/pt-pt\/ferias-em-seguranca\/","title":{"rendered":"F\u00e9rias em seguran\u00e7a"},"content":{"rendered":"<p>O Turismo de Portugal avan\u00e7ou com a cria\u00e7\u00e3o do selo \u201cEstabelecimento Clean &amp; Safe\u201d. Esta iniciativa visa incentivar a retoma do setor do turismo, no \u00e2mbito nacional e internacional.<\/p>\n<p>As empresas do setor do Turismo que cumpram as recomenda\u00e7\u00f5es da Dire\u00e7\u00e3o-Geral da Sa\u00fade e pretendam obter o selo dever\u00e3o cumprir o conjunto de disposi\u00e7\u00f5es presentes na \u00abDeclara\u00e7\u00e3o de Compromisso\u00bb.<\/p>\n<p>As propriedades do grupo UIP ir\u00e3o tomar as medidas necess\u00e1rias para merecer a aquisi\u00e7\u00e3o deste selo. Desta forma a seguran\u00e7a de h\u00f3spedes, propriet\u00e1rios e visitantes sair\u00e1 refor\u00e7ada.<\/p>\n<p>Para tal <em>\u201co Turismo de Portugal, em coordena\u00e7\u00e3o com as entidades competentes, ir\u00e1 realizar auditorias aleat\u00f3rias aos estabelecimentos aderentes\u201d<\/em>, pode ler-se em comunicado &#8211; not\u00edcia completa <span style=\"color: #d2ab67;\"><a style=\"color: #d2ab67;\" href=\"http:\/\/business.turismodeportugal.pt\/pt\/noticias\/Paginas\/turismo-de-portugal-cria-selo-estabelecimento-clean-safe.aspx\" target=\"_blank\" rel=\"noopener noreferrer\">aqui<\/a><\/span>.<\/p>\n","protected":false},"excerpt":{"rendered":"<p>O Turismo de Portugal avan\u00e7ou com a cria\u00e7\u00e3o do selo \u201cEstabelecimento Clean &amp; Safe\u201d. Esta iniciativa visa incentivar a retoma do setor do turismo, no \u00e2mbito nacional e internacional. As empresas do setor do Turismo que cumpram as recomenda\u00e7\u00f5es da Dire\u00e7\u00e3o-Geral da Sa\u00fade e pretendam obter o selo dever\u00e3o cumprir o conjunto de disposi\u00e7\u00f5es presentes [&hellip;]<\/p>\n","protected":false},"author":29,"featured_media":14663,"comment_status":"closed","ping_status":"closed","sticky":false,"template":"","format":"standard","meta":[],"categories":[167],"tags":[],"acf":[],"yoast_head":"<!-- This site is optimized with the Yoast SEO plugin v17.8 - https:\/\/yoast.com\/wordpress\/plugins\/seo\/ -->\n<title>F\u00e9rias em seguran\u00e7a - UIP<\/title>\n<meta name=\"description\" content=\"Para incentivar a retoma do setor do turismo em Portugal e transmitir seguran\u00e7a, o Turismo de Portugal criou o selo \u201cEstabelecimento Clean &amp; Safe\u201d.\" \/>\n<meta name=\"robots\" content=\"index, follow, max-snippet:-1, max-image-preview:large, max-video-preview:-1\" \/>\n<link rel=\"canonical\" href=\"https:\/\/uip.pt\/pt-pt\/ferias-em-seguranca\/\" \/>\n<meta property=\"og:locale\" content=\"pt_PT\" \/>\n<meta property=\"og:type\" content=\"article\" \/>\n<meta property=\"og:title\" content=\"F\u00e9rias em seguran\u00e7a - UIP\" \/>\n<meta property=\"og:description\" content=\"Para incentivar a retoma do setor do turismo em Portugal e transmitir seguran\u00e7a, o Turismo de Portugal criou o selo \u201cEstabelecimento Clean &amp; Safe\u201d.\" \/>\n<meta property=\"og:url\" content=\"https:\/\/uip.pt\/pt-pt\/ferias-em-seguranca\/\" \/>\n<meta property=\"og:site_name\" content=\"UIP\" \/>\n<meta property=\"article:published_time\" content=\"2020-04-28T14:03:35+00:00\" \/>\n<meta property=\"article:modified_time\" content=\"2020-04-28T14:14:40+00:00\" \/>\n<meta property=\"og:image\" content=\"https:\/\/uip.pt\/wp-content\/uploads\/2020\/04\/clean-safe-logo.png\" \/>\n\t<meta property=\"og:image:width\" content=\"640\" \/>\n\t<meta property=\"og:image:height\" content=\"360\" \/>\n<meta name=\"twitter:card\" content=\"summary_large_image\" \/>\n<meta name=\"twitter:label1\" content=\"Escrito por\" \/>\n\t<meta name=\"twitter:data1\" content=\"Maria Jo\u00e3o Barbedo\" \/>\n\t<meta name=\"twitter:label2\" content=\"Tempo estimado de leitura\" \/>\n\t<meta name=\"twitter:data2\" content=\"1 minuto\" \/>\n<script type=\"application\/ld+json\" class=\"yoast-schema-graph\">{\"@context\":\"https:\/\/schema.org\",\"@graph\":[{\"@type\":\"WebSite\",\"@id\":\"https:\/\/uip.pt\/#website\",\"url\":\"https:\/\/uip.pt\/\",\"name\":\"UIP\",\"description\":\"\",\"potentialAction\":[{\"@type\":\"SearchAction\",\"target\":{\"@type\":\"EntryPoint\",\"urlTemplate\":\"https:\/\/uip.pt\/?s={search_term_string}\"},\"query-input\":\"required name=search_term_string\"}],\"inLanguage\":\"pt-PT\"},{\"@type\":\"ImageObject\",\"@id\":\"https:\/\/uip.pt\/pt-pt\/ferias-em-seguranca\/#primaryimage\",\"inLanguage\":\"pt-PT\",\"url\":\"https:\/\/uip.pt\/wp-content\/uploads\/2020\/04\/clean-safe-logo.png\",\"contentUrl\":\"https:\/\/uip.pt\/wp-content\/uploads\/2020\/04\/clean-safe-logo.png\",\"width\":640,\"height\":360,\"caption\":\"Clean and Safe logo Turismo de Portugal\"},{\"@type\":\"WebPage\",\"@id\":\"https:\/\/uip.pt\/pt-pt\/ferias-em-seguranca\/#webpage\",\"url\":\"https:\/\/uip.pt\/pt-pt\/ferias-em-seguranca\/\",\"name\":\"F\\u00e9rias em seguran\\u00e7a - UIP\",\"isPartOf\":{\"@id\":\"https:\/\/uip.pt\/#website\"},\"primaryImageOfPage\":{\"@id\":\"https:\/\/uip.pt\/pt-pt\/ferias-em-seguranca\/#primaryimage\"},\"datePublished\":\"2020-04-28T14:03:35+00:00\",\"dateModified\":\"2020-04-28T14:14:40+00:00\",\"author\":{\"@id\":\"https:\/\/uip.pt\/#\/schema\/person\/6b276f9f6fc1bdcf7d45ce61a96570ff\"},\"description\":\"Para incentivar a retoma do setor do turismo em Portugal e transmitir seguran\\u00e7a, o Turismo de Portugal criou o selo \\u201cEstabelecimento Clean & Safe\\u201d.\",\"breadcrumb\":{\"@id\":\"https:\/\/uip.pt\/pt-pt\/ferias-em-seguranca\/#breadcrumb\"},\"inLanguage\":\"pt-PT\",\"potentialAction\":[{\"@type\":\"ReadAction\",\"target\":[\"https:\/\/uip.pt\/pt-pt\/ferias-em-seguranca\/\"]}]},{\"@type\":\"BreadcrumbList\",\"@id\":\"https:\/\/uip.pt\/pt-pt\/ferias-em-seguranca\/#breadcrumb\",\"itemListElement\":[{\"@type\":\"ListItem\",\"position\":1,\"name\":\"Home\",\"item\":\"https:\/\/uip.pt\/pt-pt\/\"},{\"@type\":\"ListItem\",\"position\":2,\"name\":\"F\\u00e9rias em seguran\\u00e7a\"}]},{\"@type\":\"Person\",\"@id\":\"https:\/\/uip.pt\/#\/schema\/person\/6b276f9f6fc1bdcf7d45ce61a96570ff\",\"name\":\"Maria Jo\\u00e3o Barbedo\",\"image\":{\"@type\":\"ImageObject\",\"@id\":\"https:\/\/uip.pt\/#personlogo\",\"inLanguage\":\"pt-PT\",\"url\":\"https:\/\/secure.gravatar.com\/avatar\/459c5f0b549b327d12e0e753b28f6c85?s=96&d=mm&r=g\",\"contentUrl\":\"https:\/\/secure.gravatar.com\/avatar\/459c5f0b549b327d12e0e753b28f6c85?s=96&d=mm&r=g\",\"caption\":\"Maria Jo\\u00e3o Barbedo\"}}]}<\/script>\n<!-- \/ Yoast SEO plugin. -->","yoast_head_json":{"title":"F\u00e9rias em seguran\u00e7a - UIP","description":"Para incentivar a retoma do setor do turismo em Portugal e transmitir seguran\u00e7a, o Turismo de Portugal criou o selo \u201cEstabelecimento Clean & Safe\u201d.","robots":{"index":"index","follow":"follow","max-snippet":"max-snippet:-1","max-image-preview":"max-image-preview:large","max-video-preview":"max-video-preview:-1"},"canonical":"https:\/\/uip.pt\/pt-pt\/ferias-em-seguranca\/","og_locale":"pt_PT","og_type":"article","og_title":"F\u00e9rias em seguran\u00e7a - UIP","og_description":"Para incentivar a retoma do setor do turismo em Portugal e transmitir seguran\u00e7a, o Turismo de Portugal criou o selo \u201cEstabelecimento Clean & Safe\u201d.","og_url":"https:\/\/uip.pt\/pt-pt\/ferias-em-seguranca\/","og_site_name":"UIP","article_published_time":"2020-04-28T14:03:35+00:00","article_modified_time":"2020-04-28T14:14:40+00:00","og_image":[{"width":640,"height":360,"url":"https:\/\/uip.pt\/wp-content\/uploads\/2020\/04\/clean-safe-logo.png","type":"image\/png"}],"twitter_card":"summary_large_image","twitter_misc":{"Escrito por":"Maria Jo\u00e3o Barbedo","Tempo estimado de leitura":"1 minuto"},"schema":{"@context":"https:\/\/schema.org","@graph":[{"@type":"WebSite","@id":"https:\/\/uip.pt\/#website","url":"https:\/\/uip.pt\/","name":"UIP","description":"","potentialAction":[{"@type":"SearchAction","target":{"@type":"EntryPoint","urlTemplate":"https:\/\/uip.pt\/?s={search_term_string}"},"query-input":"required name=search_term_string"}],"inLanguage":"pt-PT"},{"@type":"ImageObject","@id":"https:\/\/uip.pt\/pt-pt\/ferias-em-seguranca\/#primaryimage","inLanguage":"pt-PT","url":"https:\/\/uip.pt\/wp-content\/uploads\/2020\/04\/clean-safe-logo.png","contentUrl":"https:\/\/uip.pt\/wp-content\/uploads\/2020\/04\/clean-safe-logo.png","width":640,"height":360,"caption":"Clean and Safe logo Turismo de Portugal"},{"@type":"WebPage","@id":"https:\/\/uip.pt\/pt-pt\/ferias-em-seguranca\/#webpage","url":"https:\/\/uip.pt\/pt-pt\/ferias-em-seguranca\/","name":"F\u00e9rias em seguran\u00e7a - UIP","isPartOf":{"@id":"https:\/\/uip.pt\/#website"},"primaryImageOfPage":{"@id":"https:\/\/uip.pt\/pt-pt\/ferias-em-seguranca\/#primaryimage"},"datePublished":"2020-04-28T14:03:35+00:00","dateModified":"2020-04-28T14:14:40+00:00","author":{"@id":"https:\/\/uip.pt\/#\/schema\/person\/6b276f9f6fc1bdcf7d45ce61a96570ff"},"description":"Para incentivar a retoma do setor do turismo em Portugal e transmitir seguran\u00e7a, o Turismo de Portugal criou o selo \u201cEstabelecimento Clean & Safe\u201d.","breadcrumb":{"@id":"https:\/\/uip.pt\/pt-pt\/ferias-em-seguranca\/#breadcrumb"},"inLanguage":"pt-PT","potentialAction":[{"@type":"ReadAction","target":["https:\/\/uip.pt\/pt-pt\/ferias-em-seguranca\/"]}]},{"@type":"BreadcrumbList","@id":"https:\/\/uip.pt\/pt-pt\/ferias-em-seguranca\/#breadcrumb","itemListElement":[{"@type":"ListItem","position":1,"name":"Home","item":"https:\/\/uip.pt\/pt-pt\/"},{"@type":"ListItem","position":2,"name":"F\u00e9rias em seguran\u00e7a"}]},{"@type":"Person","@id":"https:\/\/uip.pt\/#\/schema\/person\/6b276f9f6fc1bdcf7d45ce61a96570ff","name":"Maria Jo\u00e3o Barbedo","image":{"@type":"ImageObject","@id":"https:\/\/uip.pt\/#personlogo","inLanguage":"pt-PT","url":"https:\/\/secure.gravatar.com\/avatar\/459c5f0b549b327d12e0e753b28f6c85?s=96&d=mm&r=g","contentUrl":"https:\/\/secure.gravatar.com\/avatar\/459c5f0b549b327d12e0e753b28f6c85?s=96&d=mm&r=g","caption":"Maria Jo\u00e3o Barbedo"}}]}},"_links":{"self":[{"href":"https:\/\/uip.pt\/pt-pt\/wp-json\/wp\/v2\/posts\/14672"}],"collection":[{"href":"https:\/\/uip.pt\/pt-pt\/wp-json\/wp\/v2\/posts"}],"about":[{"href":"https:\/\/uip.pt\/pt-pt\/wp-json\/wp\/v2\/types\/post"}],"author":[{"embeddable":true,"href":"https:\/\/uip.pt\/pt-pt\/wp-json\/wp\/v2\/users\/29"}],"replies":[{"embeddable":true,"href":"https:\/\/uip.pt\/pt-pt\/wp-json\/wp\/v2\/comments?post=14672"}],"version-history":[{"count":2,"href":"https:\/\/uip.pt\/pt-pt\/wp-json\/wp\/v2\/posts\/14672\/revisions"}],"predecessor-version":[{"id":14675,"href":"https:\/\/uip.pt\/pt-pt\/wp-json\/wp\/v2\/posts\/14672\/revisions\/14675"}],"wp:featuredmedia":[{"embeddable":true,"href":"https:\/\/uip.pt\/pt-pt\/wp-json\/wp\/v2\/media\/14663"}],"wp:attachment":[{"href":"https:\/\/uip.pt\/pt-pt\/wp-json\/wp\/v2\/media?parent=14672"}],"wp:term":[{"taxonomy":"category","embeddable":true,"href":"https:\/\/uip.pt\/pt-pt\/wp-json\/wp\/v2\/categories?post=14672"},{"taxonomy":"post_tag","embeddable":true,"href":"https:\/\/uip.pt\/pt-pt\/wp-json\/wp\/v2\/tags?post=14672"}],"curies":[{"name":"wp","href":"https:\/\/api.w.org\/{rel}","templated":true}]}}