{"id":13755,"date":"2020-01-27T12:01:27","date_gmt":"2020-01-27T12:01:27","guid":{"rendered":"https:\/\/uip.pt\/?p=13755"},"modified":"2020-01-27T12:01:27","modified_gmt":"2020-01-27T12:01:27","slug":"50-do-hyatt-regency-lisboa-vendido","status":"publish","type":"post","link":"https:\/\/uip.pt\/pt-pt\/50-do-hyatt-regency-lisboa-vendido\/","title":{"rendered":"50% do Hyatt Regency Lisboa vendido"},"content":{"rendered":"<p>De acordo com a Associa\u00e7\u00e3o de Turismo de Lisboa (ATL), o turismo da capital representa 20,3% do Produto Interno Bruto (PIB) da regi\u00e3o. A par disso, Lisboa mant\u00e9m-se no top 10 das melhores cidades europeias para investir em imobili\u00e1rio, segundo o estudo realizado pela PwC e pelo Urban Land Institute.<\/p>\n<p>Estes dados, refor\u00e7am a aposta da United Investments Portugal (UIP) na capital portuguesa com o projeto Hyatt Regency Lisboa, que est\u00e1 a nascer junto ao rio Tejo.<\/p>\n<p>A unidade hoteleira de cinco estrelas ser\u00e1 composta por cerca de 200 apartamentos que garantem aos investidores uma taxa de rentabilidade. At\u00e9 \u00e0 data, o Hyatt Regency Lisboa j\u00e1 tem cerca de metade das unidades vendidas em planta.<\/p>\n<p>Leia as declara\u00e7\u00f5es de Daniel Correia, diretor geral de Real Estate da UIP ao ECO, <span style=\"color: #d2ab67;\"><a style=\"color: #d2ab67;\" href=\"https:\/\/eco.sapo.pt\/2020\/01\/26\/metade-do-hyatt-regency-lisbon-esta-vendido-estrangeiros-investiram-35-milhoes\/\" target=\"_blank\" rel=\"noopener noreferrer\">aqui<\/a><\/span>.<\/p>\n","protected":false},"excerpt":{"rendered":"<p>Daniel Correia, director de Real Estate da UIP, fala sobre as vendas do projeto tur\u00edstico de Lisboa.<\/p>\n","protected":false},"author":13,"featured_media":13756,"comment_status":"closed","ping_status":"closed","sticky":false,"template":"","format":"standard","meta":[],"categories":[216,168],"tags":[],"acf":[],"yoast_head":"<!-- This site is optimized with the Yoast SEO plugin v17.8 - https:\/\/yoast.com\/wordpress\/plugins\/seo\/ -->\n<title>50% do Hyatt Regency Lisboa vendido - UIP<\/title>\n<meta name=\"robots\" content=\"index, follow, max-snippet:-1, max-image-preview:large, max-video-preview:-1\" \/>\n<link rel=\"canonical\" href=\"https:\/\/uip.pt\/pt-pt\/50-do-hyatt-regency-lisboa-vendido\/\" \/>\n<meta property=\"og:locale\" content=\"pt_PT\" \/>\n<meta property=\"og:type\" content=\"article\" \/>\n<meta property=\"og:title\" content=\"50% do Hyatt Regency Lisboa vendido - UIP\" \/>\n<meta property=\"og:description\" content=\"Daniel Correia, director de Real Estate da UIP, fala sobre as vendas do projeto tur\u00edstico de Lisboa.\" \/>\n<meta property=\"og:url\" content=\"https:\/\/uip.pt\/pt-pt\/50-do-hyatt-regency-lisboa-vendido\/\" \/>\n<meta property=\"og:site_name\" content=\"UIP\" \/>\n<meta property=\"article:published_time\" content=\"2020-01-27T12:01:27+00:00\" \/>\n<meta property=\"og:image\" content=\"https:\/\/uip.pt\/wp-content\/uploads\/2020\/01\/hyatt-regency-lisboa.jpg\" \/>\n\t<meta property=\"og:image:width\" content=\"652\" \/>\n\t<meta property=\"og:image:height\" content=\"439\" \/>\n<meta name=\"twitter:card\" content=\"summary_large_image\" \/>\n<meta name=\"twitter:label1\" content=\"Escrito por\" \/>\n\t<meta name=\"twitter:data1\" content=\"\u00c2ngela Sarmento\" \/>\n\t<meta name=\"twitter:label2\" content=\"Tempo estimado de leitura\" \/>\n\t<meta name=\"twitter:data2\" content=\"1 minuto\" \/>\n<script type=\"application\/ld+json\" class=\"yoast-schema-graph\">{\"@context\":\"https:\/\/schema.org\",\"@graph\":[{\"@type\":\"WebSite\",\"@id\":\"https:\/\/uip.pt\/#website\",\"url\":\"https:\/\/uip.pt\/\",\"name\":\"UIP\",\"description\":\"\",\"potentialAction\":[{\"@type\":\"SearchAction\",\"target\":{\"@type\":\"EntryPoint\",\"urlTemplate\":\"https:\/\/uip.pt\/?s={search_term_string}\"},\"query-input\":\"required name=search_term_string\"}],\"inLanguage\":\"pt-PT\"},{\"@type\":\"ImageObject\",\"@id\":\"https:\/\/uip.pt\/pt-pt\/50-do-hyatt-regency-lisboa-vendido\/#primaryimage\",\"inLanguage\":\"pt-PT\",\"url\":\"https:\/\/uip.pt\/wp-content\/uploads\/2020\/01\/hyatt-regency-lisboa.jpg\",\"contentUrl\":\"https:\/\/uip.pt\/wp-content\/uploads\/2020\/01\/hyatt-regency-lisboa.jpg\",\"width\":652,\"height\":439,\"caption\":\"Hyatt Regency Lisboa fachada\"},{\"@type\":\"WebPage\",\"@id\":\"https:\/\/uip.pt\/pt-pt\/50-do-hyatt-regency-lisboa-vendido\/#webpage\",\"url\":\"https:\/\/uip.pt\/pt-pt\/50-do-hyatt-regency-lisboa-vendido\/\",\"name\":\"50% do Hyatt Regency Lisboa vendido - UIP\",\"isPartOf\":{\"@id\":\"https:\/\/uip.pt\/#website\"},\"primaryImageOfPage\":{\"@id\":\"https:\/\/uip.pt\/pt-pt\/50-do-hyatt-regency-lisboa-vendido\/#primaryimage\"},\"datePublished\":\"2020-01-27T12:01:27+00:00\",\"dateModified\":\"2020-01-27T12:01:27+00:00\",\"author\":{\"@id\":\"https:\/\/uip.pt\/#\/schema\/person\/9e1d6c2002444762eaa77c4380584476\"},\"breadcrumb\":{\"@id\":\"https:\/\/uip.pt\/pt-pt\/50-do-hyatt-regency-lisboa-vendido\/#breadcrumb\"},\"inLanguage\":\"pt-PT\",\"potentialAction\":[{\"@type\":\"ReadAction\",\"target\":[\"https:\/\/uip.pt\/pt-pt\/50-do-hyatt-regency-lisboa-vendido\/\"]}]},{\"@type\":\"BreadcrumbList\",\"@id\":\"https:\/\/uip.pt\/pt-pt\/50-do-hyatt-regency-lisboa-vendido\/#breadcrumb\",\"itemListElement\":[{\"@type\":\"ListItem\",\"position\":1,\"name\":\"Home\",\"item\":\"https:\/\/uip.pt\/pt-pt\/\"},{\"@type\":\"ListItem\",\"position\":2,\"name\":\"50% do Hyatt Regency Lisboa vendido\"}]},{\"@type\":\"Person\",\"@id\":\"https:\/\/uip.pt\/#\/schema\/person\/9e1d6c2002444762eaa77c4380584476\",\"name\":\"\\u00c2ngela Sarmento\",\"image\":{\"@type\":\"ImageObject\",\"@id\":\"https:\/\/uip.pt\/#personlogo\",\"inLanguage\":\"pt-PT\",\"url\":\"https:\/\/secure.gravatar.com\/avatar\/83ff31caac854fb0a7b7fb3d18a6fbf2?s=96&d=mm&r=g\",\"contentUrl\":\"https:\/\/secure.gravatar.com\/avatar\/83ff31caac854fb0a7b7fb3d18a6fbf2?s=96&d=mm&r=g\",\"caption\":\"\\u00c2ngela Sarmento\"}}]}<\/script>\n<!-- \/ Yoast SEO plugin. -->","yoast_head_json":{"title":"50% do Hyatt Regency Lisboa vendido - UIP","robots":{"index":"index","follow":"follow","max-snippet":"max-snippet:-1","max-image-preview":"max-image-preview:large","max-video-preview":"max-video-preview:-1"},"canonical":"https:\/\/uip.pt\/pt-pt\/50-do-hyatt-regency-lisboa-vendido\/","og_locale":"pt_PT","og_type":"article","og_title":"50% do Hyatt Regency Lisboa vendido - UIP","og_description":"Daniel Correia, director de Real Estate da UIP, fala sobre as vendas do projeto tur\u00edstico de Lisboa.","og_url":"https:\/\/uip.pt\/pt-pt\/50-do-hyatt-regency-lisboa-vendido\/","og_site_name":"UIP","article_published_time":"2020-01-27T12:01:27+00:00","og_image":[{"width":652,"height":439,"url":"https:\/\/uip.pt\/wp-content\/uploads\/2020\/01\/hyatt-regency-lisboa.jpg","type":"image\/jpeg"}],"twitter_card":"summary_large_image","twitter_misc":{"Escrito por":"\u00c2ngela Sarmento","Tempo estimado de leitura":"1 minuto"},"schema":{"@context":"https:\/\/schema.org","@graph":[{"@type":"WebSite","@id":"https:\/\/uip.pt\/#website","url":"https:\/\/uip.pt\/","name":"UIP","description":"","potentialAction":[{"@type":"SearchAction","target":{"@type":"EntryPoint","urlTemplate":"https:\/\/uip.pt\/?s={search_term_string}"},"query-input":"required name=search_term_string"}],"inLanguage":"pt-PT"},{"@type":"ImageObject","@id":"https:\/\/uip.pt\/pt-pt\/50-do-hyatt-regency-lisboa-vendido\/#primaryimage","inLanguage":"pt-PT","url":"https:\/\/uip.pt\/wp-content\/uploads\/2020\/01\/hyatt-regency-lisboa.jpg","contentUrl":"https:\/\/uip.pt\/wp-content\/uploads\/2020\/01\/hyatt-regency-lisboa.jpg","width":652,"height":439,"caption":"Hyatt Regency Lisboa fachada"},{"@type":"WebPage","@id":"https:\/\/uip.pt\/pt-pt\/50-do-hyatt-regency-lisboa-vendido\/#webpage","url":"https:\/\/uip.pt\/pt-pt\/50-do-hyatt-regency-lisboa-vendido\/","name":"50% do Hyatt Regency Lisboa vendido - UIP","isPartOf":{"@id":"https:\/\/uip.pt\/#website"},"primaryImageOfPage":{"@id":"https:\/\/uip.pt\/pt-pt\/50-do-hyatt-regency-lisboa-vendido\/#primaryimage"},"datePublished":"2020-01-27T12:01:27+00:00","dateModified":"2020-01-27T12:01:27+00:00","author":{"@id":"https:\/\/uip.pt\/#\/schema\/person\/9e1d6c2002444762eaa77c4380584476"},"breadcrumb":{"@id":"https:\/\/uip.pt\/pt-pt\/50-do-hyatt-regency-lisboa-vendido\/#breadcrumb"},"inLanguage":"pt-PT","potentialAction":[{"@type":"ReadAction","target":["https:\/\/uip.pt\/pt-pt\/50-do-hyatt-regency-lisboa-vendido\/"]}]},{"@type":"BreadcrumbList","@id":"https:\/\/uip.pt\/pt-pt\/50-do-hyatt-regency-lisboa-vendido\/#breadcrumb","itemListElement":[{"@type":"ListItem","position":1,"name":"Home","item":"https:\/\/uip.pt\/pt-pt\/"},{"@type":"ListItem","position":2,"name":"50% do Hyatt Regency Lisboa vendido"}]},{"@type":"Person","@id":"https:\/\/uip.pt\/#\/schema\/person\/9e1d6c2002444762eaa77c4380584476","name":"\u00c2ngela Sarmento","image":{"@type":"ImageObject","@id":"https:\/\/uip.pt\/#personlogo","inLanguage":"pt-PT","url":"https:\/\/secure.gravatar.com\/avatar\/83ff31caac854fb0a7b7fb3d18a6fbf2?s=96&d=mm&r=g","contentUrl":"https:\/\/secure.gravatar.com\/avatar\/83ff31caac854fb0a7b7fb3d18a6fbf2?s=96&d=mm&r=g","caption":"\u00c2ngela Sarmento"}}]}},"_links":{"self":[{"href":"https:\/\/uip.pt\/pt-pt\/wp-json\/wp\/v2\/posts\/13755"}],"collection":[{"href":"https:\/\/uip.pt\/pt-pt\/wp-json\/wp\/v2\/posts"}],"about":[{"href":"https:\/\/uip.pt\/pt-pt\/wp-json\/wp\/v2\/types\/post"}],"author":[{"embeddable":true,"href":"https:\/\/uip.pt\/pt-pt\/wp-json\/wp\/v2\/users\/13"}],"replies":[{"embeddable":true,"href":"https:\/\/uip.pt\/pt-pt\/wp-json\/wp\/v2\/comments?post=13755"}],"version-history":[{"count":1,"href":"https:\/\/uip.pt\/pt-pt\/wp-json\/wp\/v2\/posts\/13755\/revisions"}],"predecessor-version":[{"id":13758,"href":"https:\/\/uip.pt\/pt-pt\/wp-json\/wp\/v2\/posts\/13755\/revisions\/13758"}],"wp:featuredmedia":[{"embeddable":true,"href":"https:\/\/uip.pt\/pt-pt\/wp-json\/wp\/v2\/media\/13756"}],"wp:attachment":[{"href":"https:\/\/uip.pt\/pt-pt\/wp-json\/wp\/v2\/media?parent=13755"}],"wp:term":[{"taxonomy":"category","embeddable":true,"href":"https:\/\/uip.pt\/pt-pt\/wp-json\/wp\/v2\/categories?post=13755"},{"taxonomy":"post_tag","embeddable":true,"href":"https:\/\/uip.pt\/pt-pt\/wp-json\/wp\/v2\/tags?post=13755"}],"curies":[{"name":"wp","href":"https:\/\/api.w.org\/{rel}","templated":true}]}}