{"id":13666,"date":"2020-01-15T15:33:53","date_gmt":"2020-01-15T15:33:53","guid":{"rendered":"https:\/\/uip.pt\/?p=13666"},"modified":"2020-01-15T15:33:53","modified_gmt":"2020-01-15T15:33:53","slug":"a-inteligencia-emocional-na-gestao-de-pessoas","status":"publish","type":"post","link":"https:\/\/uip.pt\/pt-pt\/a-inteligencia-emocional-na-gestao-de-pessoas\/","title":{"rendered":"A intelig\u00eancia emocional na gest\u00e3o de pessoas"},"content":{"rendered":"<p>O diretor de Recursos Humanos da United Investments Portugal aborda o tema da Gest\u00e3o de Emo\u00e7\u00f5es num artigo de opini\u00e3o escrito para a Publituris.<\/p>\n<p>Jaime Morais Sarmento explora os benef\u00edcios, desafios e consequ\u00eancias de uma gest\u00e3o interpessoal com recurso ou n\u00e3o \u00e0 intelig\u00eancia emocional; compara a gest\u00e3o racional e anal\u00edtica com a gest\u00e3o emocional e explora a import\u00e2ncia das emo\u00e7\u00f5es na ind\u00fastria hoteleira.<\/p>\n<p><em>\u201cO grande desafio que a gest\u00e3o emocional enfrenta prende-se com a dificuldade de se implementar em culturas racionais desenvolvidas nas organiza\u00e7\u00f5es ao longo de v\u00e1rias gera\u00e7\u00f5es.\u201d<\/em><\/p>\n<p>Leia o artigo completo <span style=\"color: #d2ab67;\"><a style=\"color: #d2ab67;\" href=\"https:\/\/uip.pt\/wp-content\/uploads\/2020\/01\/UIP-RH-Publituris.pdf\" target=\"_blank\" rel=\"noopener noreferrer\">aqui<\/a><\/span>.<\/p>\n","protected":false},"excerpt":{"rendered":"<p>Jaime Morais Sarmento, diretor de RH do grupo UIP, escreve artigo de opini\u00e3o para a Publituris.<\/p>\n","protected":false},"author":13,"featured_media":13669,"comment_status":"closed","ping_status":"closed","sticky":false,"template":"","format":"standard","meta":[],"categories":[167],"tags":[],"acf":[],"yoast_head":"<!-- This site is optimized with the Yoast SEO plugin v17.8 - https:\/\/yoast.com\/wordpress\/plugins\/seo\/ -->\n<title>A intelig\u00eancia emocional na gest\u00e3o de pessoas - UIP<\/title>\n<meta name=\"robots\" content=\"index, follow, max-snippet:-1, max-image-preview:large, max-video-preview:-1\" \/>\n<link rel=\"canonical\" href=\"https:\/\/uip.pt\/pt-pt\/a-inteligencia-emocional-na-gestao-de-pessoas\/\" \/>\n<meta property=\"og:locale\" content=\"pt_PT\" \/>\n<meta property=\"og:type\" content=\"article\" \/>\n<meta property=\"og:title\" content=\"A intelig\u00eancia emocional na gest\u00e3o de pessoas - UIP\" \/>\n<meta property=\"og:description\" content=\"Jaime Morais Sarmento, diretor de RH do grupo UIP, escreve artigo de opini\u00e3o para a Publituris.\" \/>\n<meta property=\"og:url\" content=\"https:\/\/uip.pt\/pt-pt\/a-inteligencia-emocional-na-gestao-de-pessoas\/\" \/>\n<meta property=\"og:site_name\" content=\"UIP\" \/>\n<meta property=\"article:published_time\" content=\"2020-01-15T15:33:53+00:00\" \/>\n<meta property=\"og:image\" content=\"https:\/\/uip.pt\/wp-content\/uploads\/2020\/01\/UIP-RH-Publituris.jpg\" \/>\n\t<meta property=\"og:image:width\" content=\"848\" \/>\n\t<meta property=\"og:image:height\" content=\"420\" \/>\n<meta name=\"twitter:card\" content=\"summary_large_image\" \/>\n<meta name=\"twitter:label1\" content=\"Escrito por\" \/>\n\t<meta name=\"twitter:data1\" content=\"\u00c2ngela Sarmento\" \/>\n\t<meta name=\"twitter:label2\" content=\"Tempo estimado de leitura\" \/>\n\t<meta name=\"twitter:data2\" content=\"1 minuto\" \/>\n<script type=\"application\/ld+json\" class=\"yoast-schema-graph\">{\"@context\":\"https:\/\/schema.org\",\"@graph\":[{\"@type\":\"WebSite\",\"@id\":\"https:\/\/uip.pt\/#website\",\"url\":\"https:\/\/uip.pt\/\",\"name\":\"UIP\",\"description\":\"\",\"potentialAction\":[{\"@type\":\"SearchAction\",\"target\":{\"@type\":\"EntryPoint\",\"urlTemplate\":\"https:\/\/uip.pt\/?s={search_term_string}\"},\"query-input\":\"required name=search_term_string\"}],\"inLanguage\":\"pt-PT\"},{\"@type\":\"ImageObject\",\"@id\":\"https:\/\/uip.pt\/pt-pt\/a-inteligencia-emocional-na-gestao-de-pessoas\/#primaryimage\",\"inLanguage\":\"pt-PT\",\"url\":\"https:\/\/uip.pt\/wp-content\/uploads\/2020\/01\/UIP-RH-Publituris.jpg\",\"contentUrl\":\"https:\/\/uip.pt\/wp-content\/uploads\/2020\/01\/UIP-RH-Publituris.jpg\",\"width\":848,\"height\":420},{\"@type\":\"WebPage\",\"@id\":\"https:\/\/uip.pt\/pt-pt\/a-inteligencia-emocional-na-gestao-de-pessoas\/#webpage\",\"url\":\"https:\/\/uip.pt\/pt-pt\/a-inteligencia-emocional-na-gestao-de-pessoas\/\",\"name\":\"A intelig\\u00eancia emocional na gest\\u00e3o de pessoas - UIP\",\"isPartOf\":{\"@id\":\"https:\/\/uip.pt\/#website\"},\"primaryImageOfPage\":{\"@id\":\"https:\/\/uip.pt\/pt-pt\/a-inteligencia-emocional-na-gestao-de-pessoas\/#primaryimage\"},\"datePublished\":\"2020-01-15T15:33:53+00:00\",\"dateModified\":\"2020-01-15T15:33:53+00:00\",\"author\":{\"@id\":\"https:\/\/uip.pt\/#\/schema\/person\/9e1d6c2002444762eaa77c4380584476\"},\"breadcrumb\":{\"@id\":\"https:\/\/uip.pt\/pt-pt\/a-inteligencia-emocional-na-gestao-de-pessoas\/#breadcrumb\"},\"inLanguage\":\"pt-PT\",\"potentialAction\":[{\"@type\":\"ReadAction\",\"target\":[\"https:\/\/uip.pt\/pt-pt\/a-inteligencia-emocional-na-gestao-de-pessoas\/\"]}]},{\"@type\":\"BreadcrumbList\",\"@id\":\"https:\/\/uip.pt\/pt-pt\/a-inteligencia-emocional-na-gestao-de-pessoas\/#breadcrumb\",\"itemListElement\":[{\"@type\":\"ListItem\",\"position\":1,\"name\":\"Home\",\"item\":\"https:\/\/uip.pt\/pt-pt\/\"},{\"@type\":\"ListItem\",\"position\":2,\"name\":\"A intelig\\u00eancia emocional na gest\\u00e3o de pessoas\"}]},{\"@type\":\"Person\",\"@id\":\"https:\/\/uip.pt\/#\/schema\/person\/9e1d6c2002444762eaa77c4380584476\",\"name\":\"\\u00c2ngela Sarmento\",\"image\":{\"@type\":\"ImageObject\",\"@id\":\"https:\/\/uip.pt\/#personlogo\",\"inLanguage\":\"pt-PT\",\"url\":\"https:\/\/secure.gravatar.com\/avatar\/83ff31caac854fb0a7b7fb3d18a6fbf2?s=96&d=mm&r=g\",\"contentUrl\":\"https:\/\/secure.gravatar.com\/avatar\/83ff31caac854fb0a7b7fb3d18a6fbf2?s=96&d=mm&r=g\",\"caption\":\"\\u00c2ngela Sarmento\"}}]}<\/script>\n<!-- \/ Yoast SEO plugin. -->","yoast_head_json":{"title":"A intelig\u00eancia emocional na gest\u00e3o de pessoas - UIP","robots":{"index":"index","follow":"follow","max-snippet":"max-snippet:-1","max-image-preview":"max-image-preview:large","max-video-preview":"max-video-preview:-1"},"canonical":"https:\/\/uip.pt\/pt-pt\/a-inteligencia-emocional-na-gestao-de-pessoas\/","og_locale":"pt_PT","og_type":"article","og_title":"A intelig\u00eancia emocional na gest\u00e3o de pessoas - UIP","og_description":"Jaime Morais Sarmento, diretor de RH do grupo UIP, escreve artigo de opini\u00e3o para a Publituris.","og_url":"https:\/\/uip.pt\/pt-pt\/a-inteligencia-emocional-na-gestao-de-pessoas\/","og_site_name":"UIP","article_published_time":"2020-01-15T15:33:53+00:00","og_image":[{"width":848,"height":420,"url":"https:\/\/uip.pt\/wp-content\/uploads\/2020\/01\/UIP-RH-Publituris.jpg","type":"image\/jpeg"}],"twitter_card":"summary_large_image","twitter_misc":{"Escrito por":"\u00c2ngela Sarmento","Tempo estimado de leitura":"1 minuto"},"schema":{"@context":"https:\/\/schema.org","@graph":[{"@type":"WebSite","@id":"https:\/\/uip.pt\/#website","url":"https:\/\/uip.pt\/","name":"UIP","description":"","potentialAction":[{"@type":"SearchAction","target":{"@type":"EntryPoint","urlTemplate":"https:\/\/uip.pt\/?s={search_term_string}"},"query-input":"required name=search_term_string"}],"inLanguage":"pt-PT"},{"@type":"ImageObject","@id":"https:\/\/uip.pt\/pt-pt\/a-inteligencia-emocional-na-gestao-de-pessoas\/#primaryimage","inLanguage":"pt-PT","url":"https:\/\/uip.pt\/wp-content\/uploads\/2020\/01\/UIP-RH-Publituris.jpg","contentUrl":"https:\/\/uip.pt\/wp-content\/uploads\/2020\/01\/UIP-RH-Publituris.jpg","width":848,"height":420},{"@type":"WebPage","@id":"https:\/\/uip.pt\/pt-pt\/a-inteligencia-emocional-na-gestao-de-pessoas\/#webpage","url":"https:\/\/uip.pt\/pt-pt\/a-inteligencia-emocional-na-gestao-de-pessoas\/","name":"A intelig\u00eancia emocional na gest\u00e3o de pessoas - UIP","isPartOf":{"@id":"https:\/\/uip.pt\/#website"},"primaryImageOfPage":{"@id":"https:\/\/uip.pt\/pt-pt\/a-inteligencia-emocional-na-gestao-de-pessoas\/#primaryimage"},"datePublished":"2020-01-15T15:33:53+00:00","dateModified":"2020-01-15T15:33:53+00:00","author":{"@id":"https:\/\/uip.pt\/#\/schema\/person\/9e1d6c2002444762eaa77c4380584476"},"breadcrumb":{"@id":"https:\/\/uip.pt\/pt-pt\/a-inteligencia-emocional-na-gestao-de-pessoas\/#breadcrumb"},"inLanguage":"pt-PT","potentialAction":[{"@type":"ReadAction","target":["https:\/\/uip.pt\/pt-pt\/a-inteligencia-emocional-na-gestao-de-pessoas\/"]}]},{"@type":"BreadcrumbList","@id":"https:\/\/uip.pt\/pt-pt\/a-inteligencia-emocional-na-gestao-de-pessoas\/#breadcrumb","itemListElement":[{"@type":"ListItem","position":1,"name":"Home","item":"https:\/\/uip.pt\/pt-pt\/"},{"@type":"ListItem","position":2,"name":"A intelig\u00eancia emocional na gest\u00e3o de pessoas"}]},{"@type":"Person","@id":"https:\/\/uip.pt\/#\/schema\/person\/9e1d6c2002444762eaa77c4380584476","name":"\u00c2ngela Sarmento","image":{"@type":"ImageObject","@id":"https:\/\/uip.pt\/#personlogo","inLanguage":"pt-PT","url":"https:\/\/secure.gravatar.com\/avatar\/83ff31caac854fb0a7b7fb3d18a6fbf2?s=96&d=mm&r=g","contentUrl":"https:\/\/secure.gravatar.com\/avatar\/83ff31caac854fb0a7b7fb3d18a6fbf2?s=96&d=mm&r=g","caption":"\u00c2ngela Sarmento"}}]}},"_links":{"self":[{"href":"https:\/\/uip.pt\/pt-pt\/wp-json\/wp\/v2\/posts\/13666"}],"collection":[{"href":"https:\/\/uip.pt\/pt-pt\/wp-json\/wp\/v2\/posts"}],"about":[{"href":"https:\/\/uip.pt\/pt-pt\/wp-json\/wp\/v2\/types\/post"}],"author":[{"embeddable":true,"href":"https:\/\/uip.pt\/pt-pt\/wp-json\/wp\/v2\/users\/13"}],"replies":[{"embeddable":true,"href":"https:\/\/uip.pt\/pt-pt\/wp-json\/wp\/v2\/comments?post=13666"}],"version-history":[{"count":1,"href":"https:\/\/uip.pt\/pt-pt\/wp-json\/wp\/v2\/posts\/13666\/revisions"}],"predecessor-version":[{"id":13671,"href":"https:\/\/uip.pt\/pt-pt\/wp-json\/wp\/v2\/posts\/13666\/revisions\/13671"}],"wp:featuredmedia":[{"embeddable":true,"href":"https:\/\/uip.pt\/pt-pt\/wp-json\/wp\/v2\/media\/13669"}],"wp:attachment":[{"href":"https:\/\/uip.pt\/pt-pt\/wp-json\/wp\/v2\/media?parent=13666"}],"wp:term":[{"taxonomy":"category","embeddable":true,"href":"https:\/\/uip.pt\/pt-pt\/wp-json\/wp\/v2\/categories?post=13666"},{"taxonomy":"post_tag","embeddable":true,"href":"https:\/\/uip.pt\/pt-pt\/wp-json\/wp\/v2\/tags?post=13666"}],"curies":[{"name":"wp","href":"https:\/\/api.w.org\/{rel}","templated":true}]}}