{"id":12942,"date":"2019-10-22T11:45:27","date_gmt":"2019-10-22T11:45:27","guid":{"rendered":"https:\/\/uip.pt\/?p=12942"},"modified":"2019-11-25T20:20:09","modified_gmt":"2019-11-25T20:20:09","slug":"uip-expande-portfolio","status":"publish","type":"post","link":"https:\/\/uip.pt\/pt-pt\/uip-expande-portfolio\/","title":{"rendered":"UIP expande portf\u00f3lio"},"content":{"rendered":"<p>[vc_section css=&#8221;.vc_custom_1511865388351{margin-right: 0px !important;padding-right: 0px !important;padding-left: 15px !important;}&#8221;][vc_row css=&#8221;.vc_custom_1567706596303{margin-top: 0px !important;margin-right: 0px !important;margin-bottom: 30px !important;margin-left: 0px !important;padding-top: 0px !important;padding-right: 0px !important;padding-bottom: 0px !important;padding-left: 0px !important;}&#8221;][vc_column css=&#8221;.vc_custom_1511777382927{margin-right: 0px !important;margin-left: 0px !important;padding-top: 0px !important;padding-right: 0px !important;padding-bottom: 0px !important;padding-left: 0px !important;}&#8221;][vc_column_text css=&#8221;.vc_custom_1573472807943{margin-top: 0px !important;margin-bottom: 0px !important;}&#8221;]<\/p>\n<p class=\"p1\"><span class=\"s1\">Em entrevista \u00e0 Executive Digest, Carlos Leal, director-geral do grupo, revela os novos investimentos do grupo, al\u00e9m de evocar a ambi\u00e7\u00e3o na expans\u00e3o do neg\u00f3cio nas mais variadas \u00e1reas e regi\u00f5es do pa\u00eds. O grupo que tem vindo a conquistar terreno e a marcar a sua posi\u00e7\u00e3o de relev\u00e2ncia na ind\u00fastria imobili\u00e1ria de luxo, e prepara-se para a abertura de tr\u00eas novas propriedades: em Lisboa, no Porto e em Vila Nova de Gaia.<\/span><\/p>\n<p class=\"p1\"><span class=\"s1\">Para ler a entrevista na \u00edntegra, aceda <span style=\"color: #d2ab67;\"><a style=\"color: #d2ab67;\" href=\"https:\/\/www.pinecliffs.com\/uploads\/files\/Entrevista-Carlos-Leal.pdf\" target=\"_blank\" rel=\"noopener noreferrer\">aqui<\/a><\/span>.<\/span><\/p>\n<p>[\/vc_column_text][\/vc_column][\/vc_row][\/vc_section]<\/p>\n","protected":false},"excerpt":{"rendered":"<p>Em entrevista \u00e0 Executive Digest, Carlos Leal, director-geral do grupo, revela os novos investimentos do grupo, al\u00e9m de evocar a ambi\u00e7\u00e3o na expans\u00e3o do neg\u00f3cio nas mais variadas \u00e1reas e regi\u00f5es do pa\u00eds.<\/p>\n","protected":false},"author":13,"featured_media":12943,"comment_status":"closed","ping_status":"closed","sticky":false,"template":"","format":"standard","meta":[],"categories":[167],"tags":[],"acf":[],"yoast_head":"<!-- This site is optimized with the Yoast SEO plugin v17.8 - https:\/\/yoast.com\/wordpress\/plugins\/seo\/ -->\n<title>UIP expande portf\u00f3lio - UIP<\/title>\n<meta name=\"robots\" content=\"index, follow, max-snippet:-1, max-image-preview:large, max-video-preview:-1\" \/>\n<link rel=\"canonical\" href=\"https:\/\/uip.pt\/pt-pt\/uip-expande-portfolio\/\" \/>\n<meta property=\"og:locale\" content=\"pt_PT\" \/>\n<meta property=\"og:type\" content=\"article\" \/>\n<meta property=\"og:title\" content=\"UIP expande portf\u00f3lio - UIP\" \/>\n<meta property=\"og:description\" content=\"Em entrevista \u00e0 Executive Digest, Carlos Leal, director-geral do grupo, revela os novos investimentos do grupo, al\u00e9m de evocar a ambi\u00e7\u00e3o na expans\u00e3o do neg\u00f3cio nas mais variadas \u00e1reas e regi\u00f5es do pa\u00eds.\" \/>\n<meta property=\"og:url\" content=\"https:\/\/uip.pt\/pt-pt\/uip-expande-portfolio\/\" \/>\n<meta property=\"og:site_name\" content=\"UIP\" \/>\n<meta property=\"article:published_time\" content=\"2019-10-22T11:45:27+00:00\" \/>\n<meta property=\"article:modified_time\" content=\"2019-11-25T20:20:09+00:00\" \/>\n<meta property=\"og:image\" content=\"https:\/\/uip.pt\/wp-content\/uploads\/2019\/11\/uip-expande-portfolio.png\" \/>\n\t<meta property=\"og:image:width\" content=\"848\" \/>\n\t<meta property=\"og:image:height\" content=\"420\" \/>\n<meta name=\"twitter:card\" content=\"summary_large_image\" \/>\n<meta name=\"twitter:label1\" content=\"Escrito por\" \/>\n\t<meta name=\"twitter:data1\" content=\"\u00c2ngela Sarmento\" \/>\n\t<meta name=\"twitter:label2\" content=\"Tempo estimado de leitura\" \/>\n\t<meta name=\"twitter:data2\" content=\"1 minuto\" \/>\n<script type=\"application\/ld+json\" class=\"yoast-schema-graph\">{\"@context\":\"https:\/\/schema.org\",\"@graph\":[{\"@type\":\"WebSite\",\"@id\":\"https:\/\/uip.pt\/#website\",\"url\":\"https:\/\/uip.pt\/\",\"name\":\"UIP\",\"description\":\"\",\"potentialAction\":[{\"@type\":\"SearchAction\",\"target\":{\"@type\":\"EntryPoint\",\"urlTemplate\":\"https:\/\/uip.pt\/?s={search_term_string}\"},\"query-input\":\"required name=search_term_string\"}],\"inLanguage\":\"pt-PT\"},{\"@type\":\"ImageObject\",\"@id\":\"https:\/\/uip.pt\/pt-pt\/uip-expande-portfolio\/#primaryimage\",\"inLanguage\":\"pt-PT\",\"url\":\"https:\/\/uip.pt\/wp-content\/uploads\/2019\/11\/uip-expande-portfolio.png\",\"contentUrl\":\"https:\/\/uip.pt\/wp-content\/uploads\/2019\/11\/uip-expande-portfolio.png\",\"width\":848,\"height\":420,\"caption\":\"Carlos Leal, Diretor Geral da UIP\"},{\"@type\":\"WebPage\",\"@id\":\"https:\/\/uip.pt\/pt-pt\/uip-expande-portfolio\/#webpage\",\"url\":\"https:\/\/uip.pt\/pt-pt\/uip-expande-portfolio\/\",\"name\":\"UIP expande portf\\u00f3lio - UIP\",\"isPartOf\":{\"@id\":\"https:\/\/uip.pt\/#website\"},\"primaryImageOfPage\":{\"@id\":\"https:\/\/uip.pt\/pt-pt\/uip-expande-portfolio\/#primaryimage\"},\"datePublished\":\"2019-10-22T11:45:27+00:00\",\"dateModified\":\"2019-11-25T20:20:09+00:00\",\"author\":{\"@id\":\"https:\/\/uip.pt\/#\/schema\/person\/9e1d6c2002444762eaa77c4380584476\"},\"breadcrumb\":{\"@id\":\"https:\/\/uip.pt\/pt-pt\/uip-expande-portfolio\/#breadcrumb\"},\"inLanguage\":\"pt-PT\",\"potentialAction\":[{\"@type\":\"ReadAction\",\"target\":[\"https:\/\/uip.pt\/pt-pt\/uip-expande-portfolio\/\"]}]},{\"@type\":\"BreadcrumbList\",\"@id\":\"https:\/\/uip.pt\/pt-pt\/uip-expande-portfolio\/#breadcrumb\",\"itemListElement\":[{\"@type\":\"ListItem\",\"position\":1,\"name\":\"Home\",\"item\":\"https:\/\/uip.pt\/pt-pt\/\"},{\"@type\":\"ListItem\",\"position\":2,\"name\":\"UIP expande portf\\u00f3lio\"}]},{\"@type\":\"Person\",\"@id\":\"https:\/\/uip.pt\/#\/schema\/person\/9e1d6c2002444762eaa77c4380584476\",\"name\":\"\\u00c2ngela Sarmento\",\"image\":{\"@type\":\"ImageObject\",\"@id\":\"https:\/\/uip.pt\/#personlogo\",\"inLanguage\":\"pt-PT\",\"url\":\"https:\/\/secure.gravatar.com\/avatar\/83ff31caac854fb0a7b7fb3d18a6fbf2?s=96&d=mm&r=g\",\"contentUrl\":\"https:\/\/secure.gravatar.com\/avatar\/83ff31caac854fb0a7b7fb3d18a6fbf2?s=96&d=mm&r=g\",\"caption\":\"\\u00c2ngela Sarmento\"}}]}<\/script>\n<!-- \/ Yoast SEO plugin. -->","yoast_head_json":{"title":"UIP expande portf\u00f3lio - UIP","robots":{"index":"index","follow":"follow","max-snippet":"max-snippet:-1","max-image-preview":"max-image-preview:large","max-video-preview":"max-video-preview:-1"},"canonical":"https:\/\/uip.pt\/pt-pt\/uip-expande-portfolio\/","og_locale":"pt_PT","og_type":"article","og_title":"UIP expande portf\u00f3lio - UIP","og_description":"Em entrevista \u00e0 Executive Digest, Carlos Leal, director-geral do grupo, revela os novos investimentos do grupo, al\u00e9m de evocar a ambi\u00e7\u00e3o na expans\u00e3o do neg\u00f3cio nas mais variadas \u00e1reas e regi\u00f5es do pa\u00eds.","og_url":"https:\/\/uip.pt\/pt-pt\/uip-expande-portfolio\/","og_site_name":"UIP","article_published_time":"2019-10-22T11:45:27+00:00","article_modified_time":"2019-11-25T20:20:09+00:00","og_image":[{"width":848,"height":420,"url":"https:\/\/uip.pt\/wp-content\/uploads\/2019\/11\/uip-expande-portfolio.png","type":"image\/png"}],"twitter_card":"summary_large_image","twitter_misc":{"Escrito por":"\u00c2ngela Sarmento","Tempo estimado de leitura":"1 minuto"},"schema":{"@context":"https:\/\/schema.org","@graph":[{"@type":"WebSite","@id":"https:\/\/uip.pt\/#website","url":"https:\/\/uip.pt\/","name":"UIP","description":"","potentialAction":[{"@type":"SearchAction","target":{"@type":"EntryPoint","urlTemplate":"https:\/\/uip.pt\/?s={search_term_string}"},"query-input":"required name=search_term_string"}],"inLanguage":"pt-PT"},{"@type":"ImageObject","@id":"https:\/\/uip.pt\/pt-pt\/uip-expande-portfolio\/#primaryimage","inLanguage":"pt-PT","url":"https:\/\/uip.pt\/wp-content\/uploads\/2019\/11\/uip-expande-portfolio.png","contentUrl":"https:\/\/uip.pt\/wp-content\/uploads\/2019\/11\/uip-expande-portfolio.png","width":848,"height":420,"caption":"Carlos Leal, Diretor Geral da UIP"},{"@type":"WebPage","@id":"https:\/\/uip.pt\/pt-pt\/uip-expande-portfolio\/#webpage","url":"https:\/\/uip.pt\/pt-pt\/uip-expande-portfolio\/","name":"UIP expande portf\u00f3lio - UIP","isPartOf":{"@id":"https:\/\/uip.pt\/#website"},"primaryImageOfPage":{"@id":"https:\/\/uip.pt\/pt-pt\/uip-expande-portfolio\/#primaryimage"},"datePublished":"2019-10-22T11:45:27+00:00","dateModified":"2019-11-25T20:20:09+00:00","author":{"@id":"https:\/\/uip.pt\/#\/schema\/person\/9e1d6c2002444762eaa77c4380584476"},"breadcrumb":{"@id":"https:\/\/uip.pt\/pt-pt\/uip-expande-portfolio\/#breadcrumb"},"inLanguage":"pt-PT","potentialAction":[{"@type":"ReadAction","target":["https:\/\/uip.pt\/pt-pt\/uip-expande-portfolio\/"]}]},{"@type":"BreadcrumbList","@id":"https:\/\/uip.pt\/pt-pt\/uip-expande-portfolio\/#breadcrumb","itemListElement":[{"@type":"ListItem","position":1,"name":"Home","item":"https:\/\/uip.pt\/pt-pt\/"},{"@type":"ListItem","position":2,"name":"UIP expande portf\u00f3lio"}]},{"@type":"Person","@id":"https:\/\/uip.pt\/#\/schema\/person\/9e1d6c2002444762eaa77c4380584476","name":"\u00c2ngela Sarmento","image":{"@type":"ImageObject","@id":"https:\/\/uip.pt\/#personlogo","inLanguage":"pt-PT","url":"https:\/\/secure.gravatar.com\/avatar\/83ff31caac854fb0a7b7fb3d18a6fbf2?s=96&d=mm&r=g","contentUrl":"https:\/\/secure.gravatar.com\/avatar\/83ff31caac854fb0a7b7fb3d18a6fbf2?s=96&d=mm&r=g","caption":"\u00c2ngela Sarmento"}}]}},"_links":{"self":[{"href":"https:\/\/uip.pt\/pt-pt\/wp-json\/wp\/v2\/posts\/12942"}],"collection":[{"href":"https:\/\/uip.pt\/pt-pt\/wp-json\/wp\/v2\/posts"}],"about":[{"href":"https:\/\/uip.pt\/pt-pt\/wp-json\/wp\/v2\/types\/post"}],"author":[{"embeddable":true,"href":"https:\/\/uip.pt\/pt-pt\/wp-json\/wp\/v2\/users\/13"}],"replies":[{"embeddable":true,"href":"https:\/\/uip.pt\/pt-pt\/wp-json\/wp\/v2\/comments?post=12942"}],"version-history":[{"count":4,"href":"https:\/\/uip.pt\/pt-pt\/wp-json\/wp\/v2\/posts\/12942\/revisions"}],"predecessor-version":[{"id":13092,"href":"https:\/\/uip.pt\/pt-pt\/wp-json\/wp\/v2\/posts\/12942\/revisions\/13092"}],"wp:featuredmedia":[{"embeddable":true,"href":"https:\/\/uip.pt\/pt-pt\/wp-json\/wp\/v2\/media\/12943"}],"wp:attachment":[{"href":"https:\/\/uip.pt\/pt-pt\/wp-json\/wp\/v2\/media?parent=12942"}],"wp:term":[{"taxonomy":"category","embeddable":true,"href":"https:\/\/uip.pt\/pt-pt\/wp-json\/wp\/v2\/categories?post=12942"},{"taxonomy":"post_tag","embeddable":true,"href":"https:\/\/uip.pt\/pt-pt\/wp-json\/wp\/v2\/tags?post=12942"}],"curies":[{"name":"wp","href":"https:\/\/api.w.org\/{rel}","templated":true}]}}